{"id":13,"date":"2022-04-04T09:53:26","date_gmt":"2022-04-04T07:53:26","guid":{"rendered":"http:\/\/www.cmp.at\/?p=13"},"modified":"2023-03-07T11:31:41","modified_gmt":"2023-03-07T09:31:41","slug":"die-fruehkindliche-entwicklung","status":"publish","type":"post","link":"https:\/\/www.eltern-forum.at\/ratgeber-news\/die-fruehkindliche-entwicklung\/","title":{"rendered":"Die fr\u00fchkindliche Entwicklung &#8211; Phasen, Reflexe und Infos"},"content":{"rendered":"<p>Wenn die Schwangerschaft endlich feststeht, sind die Eltern nat\u00fcrlich vollkommen aus dem H\u00e4uschen. Vom ersten Moment an wird klar, dass sich so einiges \u00e4ndern wird. Bis zur Geburt ist noch viel vorzubereiten, und in den Monaten danach sind Vater und Mutter gut damit besch\u00e4ftigt, sich an das neue Leben mit dem eigenen Kind zu gew\u00f6hnen.<\/p>\n<p>Mit der Zeit wird es immer einfacher, wenn sich durch die Entwicklung der Kinder nicht immer neue Herausforderungen ergeben w\u00fcrden. Vor allem in der fr\u00fchen Kindheit gilt es einige Entwicklungsschritte zu meisten.<\/p>\n<p><img decoding=\"async\" class=\"aligncenter size-full wp-image-5156\" src=\"https:\/\/www.eltern-forum.at\/ratgeber-news\/wp-content\/uploads\/2013\/04\/baby-mama.jpg\" alt=\"\" width=\"1200\" height=\"675\" srcset=\"https:\/\/www.eltern-forum.at\/ratgeber-news\/wp-content\/uploads\/2013\/04\/baby-mama.jpg 1200w, https:\/\/www.eltern-forum.at\/ratgeber-news\/wp-content\/uploads\/2013\/04\/baby-mama-300x169.jpg 300w, https:\/\/www.eltern-forum.at\/ratgeber-news\/wp-content\/uploads\/2013\/04\/baby-mama-1024x576.jpg 1024w, https:\/\/www.eltern-forum.at\/ratgeber-news\/wp-content\/uploads\/2013\/04\/baby-mama-768x432.jpg 768w\" sizes=\"(max-width: 1200px) 100vw, 1200px\" \/><\/p>\n<h2>Dimensionen der fr\u00fchkindlichen Entwicklung<\/h2>\n<p>Die fr\u00fchkindliche Entwicklung umfasst drei ganz unterschiedliche Komponenten:<\/p>\n<ul>\n<li><strong>Motorik<\/strong>: Ab der Geburt entwickeln Kinder immer mehr motorische F\u00e4higkeiten. Anfangs geht es vor allem um die St\u00fctzmotorik, um sich nach und nach selbst aufrichten zu k\u00f6nnen, sp\u00e4ter kommen sowohl Grobmotorik als auch Feinmotorik dazu, die sich \u00fcber viele Jahre entwickeln.<\/li>\n<li><strong>Wahrnehmung<\/strong>: Schon vor der Geburt entwickeln sich die Sinne, aber diese m\u00fcssen sich immer weiter verfeinern. Zudem lernt das Kind die Wahrnehmung des eigenen K\u00f6rpers immer mehr, wodurch auch die willk\u00fcrliche Motorik erst erm\u00f6glicht wird.<\/li>\n<li><strong>Gef\u00fchle<\/strong>: Neben der neuromotorischen Entwicklung darf auch die emotionale Entwicklung nicht vernachl\u00e4ssigt werden. Die Kinder m\u00fcssen lernen, sich selbst als Person wahrzunehmen, die eigenen Gef\u00fchle zu erkennen und auszudr\u00fccken und sich auch in sozialen Situationen verhalten zu k\u00f6nnen.<\/li>\n<\/ul>\n<p>Um all diese Entwicklungsschritte durchf\u00fchren zu k\u00f6nnen, braucht es die gesamte Familie. Es braucht die N\u00e4he und k\u00f6rperlichen Kontakt mit Eltern, Gro\u00dfeltern, Geschwistern, die Anregung von Spielpartnern und vor allem auch verschiedenste sensorische Reize.<\/p>\n<h2>Entwicklungsverz\u00f6gerungen erkennen und behandeln<\/h2>\n<p>In der modernen Welt neigen wir dazu, alles zu objektivieren und mit Zahlen auszudr\u00fccken. Es gibt Normalwerte f\u00fcr alles M\u00f6gliche, auch f\u00fcr die kindliche Entwicklung. Unsere Kinder m\u00fcssen sich genau nach einem Schema entwickeln, um den W\u00fcnschen und Anforderungen entsprechen zu k\u00f6nnen.<\/p>\n<p>Doch den meisten Kindern sind diese Schemen und Regelungen vollkommen egal, <a href=\"http:\/\/www.sos-kinderdorfinternational.org\/Was-wir-tun\/Bildung\/Fruehkindliche-Entwicklung\/Pages\/default.aspx\" target=\"_blank\" rel=\"noopener\">sie entwickeln sich genau nach ihrem Tempo<\/a>. Und hierbei muss man einfach zugeben, dass sich jedes Kind anders entwickelt. Die einen sind in motorischen Aspekten schneller, die anderen reden schneller und wieder andere zeigen eine herausragende emotionale Entwicklung. Es gibt auch immer R\u00fcckschritte und dann wieder extreme Entwicklungssch\u00fcbe. Man sollte sich weder von der Familie, noch von Freunden irgendwie in Panik versetzen lassen, dass sich das eigene Kind nicht richtig entwickeln k\u00f6nnte.<\/p>\n<h3>Bei Sorgen zum Kinderarzt gehen<\/h3>\n<p>Wenn wirklich <a href=\"http:\/\/www.eltern-forum.at\/ratgeber-in-allen-lebenslagen\/gesundheitsecke-fuer-gross-und-klein\" target=\"_blank\" rel=\"noopener\">Sorgen bez\u00fcglich der Gesundheit der Kinder<\/a> bestehen, sollte aber auf jeden Fall ein Kinderarzt aufgesucht werden, der dann wenn notwendig eine eingehende Untersuchung bei einem Spezialisten vorschlagen wird.<\/p>\n<p>Diese Untersuchung hilft dann vor allem darin, etwaige Probleme fr\u00fch aufzufangen und Methoden zu erlernen, wie man Kinder spielerisch f\u00f6rdern kann, ohne dass es f\u00fcr sie zur Qual wird. Dabei sollte man als Familie aber sehr vorsichtig vorgehen, denn viel zu schnell werden Kinder als entwicklungsverz\u00f6gert hingestellt, einen Ruf, den sie leider viel zu oft zu Unrecht beibehalten.<\/p>\n","protected":false},"excerpt":{"rendered":"<p>Wenn die Schwangerschaft endlich feststeht, sind die Eltern nat\u00fcrlich vollkommen aus dem H\u00e4uschen. Vom ersten Moment an wird klar, dass sich so einiges \u00e4ndern&#8230;<\/p>\n","protected":false},"author":3,"featured_media":5156,"comment_status":"open","ping_status":"open","sticky":false,"template":"","format":"standard","meta":{"inline_featured_image":false,"_kad_blocks_custom_css":"","_kad_blocks_head_custom_js":"","_kad_blocks_body_custom_js":"","_kad_blocks_footer_custom_js":"","_kad_post_transparent":"default","_kad_post_title":"default","_kad_post_layout":"default","_kad_post_sidebar_id":"","_kad_post_content_style":"default","_kad_post_vertical_padding":"default","_kad_post_feature":"","_kad_post_feature_position":"","_kad_post_header":false,"_kad_post_footer":false,"_kad_post_classname":"","footnotes":""},"categories":[7],"tags":[],"class_list":["post-13","post","type-post","status-publish","format-standard","has-post-thumbnail","hentry","category-baby-und-kinderratgeber"],"yoast_head":"<!-- This site is optimized with the Yoast SEO plugin v27.5 - https:\/\/yoast.com\/product\/yoast-seo-wordpress\/ -->\n<title>Die fr\u00fchkindliche Entwicklung - Phasen, Reflexe und Infos<\/title>\n<meta name=\"robots\" content=\"index, follow, max-snippet:-1, max-image-preview:large, max-video-preview:-1\" \/>\n<link rel=\"canonical\" href=\"https:\/\/www.eltern-forum.at\/ratgeber-news\/die-fruehkindliche-entwicklung\/\" \/>\n<meta property=\"og:locale\" content=\"de_DE\" \/>\n<meta property=\"og:type\" content=\"article\" \/>\n<meta property=\"og:title\" content=\"Die fr\u00fchkindliche Entwicklung - Phasen, Reflexe und Infos\" \/>\n<meta property=\"og:description\" content=\"Wenn die Schwangerschaft endlich feststeht, sind die Eltern nat\u00fcrlich vollkommen aus dem H\u00e4uschen. Vom ersten Moment an wird klar, dass sich so einiges \u00e4ndern...\" \/>\n<meta property=\"og:url\" content=\"https:\/\/www.eltern-forum.at\/ratgeber-news\/die-fruehkindliche-entwicklung\/\" \/>\n<meta property=\"og:site_name\" content=\"Eltern Ratgeber News\" \/>\n<meta property=\"article:published_time\" content=\"2022-04-04T07:53:26+00:00\" \/>\n<meta property=\"article:modified_time\" content=\"2023-03-07T09:31:41+00:00\" \/>\n<meta property=\"og:image\" content=\"https:\/\/www.eltern-forum.at\/ratgeber-news\/wp-content\/uploads\/2013\/04\/baby-mama.jpg\" \/>\n\t<meta property=\"og:image:width\" content=\"1200\" \/>\n\t<meta property=\"og:image:height\" content=\"675\" \/>\n\t<meta property=\"og:image:type\" content=\"image\/jpeg\" \/>\n<meta name=\"author\" content=\"Lea Himmel\" \/>\n<meta name=\"twitter:label1\" content=\"Verfasst von\" \/>\n\t<meta name=\"twitter:data1\" content=\"Lea Himmel\" \/>\n\t<meta name=\"twitter:label2\" content=\"Gesch\u00e4tzte Lesezeit\" \/>\n\t<meta name=\"twitter:data2\" content=\"3\u00a0Minuten\" \/>\n<script type=\"application\/ld+json\" class=\"yoast-schema-graph\">{\"@context\":\"https:\\\/\\\/schema.org\",\"@graph\":[{\"@type\":\"Article\",\"@id\":\"https:\\\/\\\/www.eltern-forum.at\\\/ratgeber-news\\\/die-fruehkindliche-entwicklung\\\/#article\",\"isPartOf\":{\"@id\":\"https:\\\/\\\/www.eltern-forum.at\\\/ratgeber-news\\\/die-fruehkindliche-entwicklung\\\/\"},\"author\":{\"name\":\"Lea Himmel\",\"@id\":\"https:\\\/\\\/www.eltern-forum.at\\\/ratgeber-news\\\/#\\\/schema\\\/person\\\/0aa87ae35513ed5ac527b597339d87aa\"},\"headline\":\"Die fr\u00fchkindliche Entwicklung &#8211; Phasen, Reflexe und Infos\",\"datePublished\":\"2022-04-04T07:53:26+00:00\",\"dateModified\":\"2023-03-07T09:31:41+00:00\",\"mainEntityOfPage\":{\"@id\":\"https:\\\/\\\/www.eltern-forum.at\\\/ratgeber-news\\\/die-fruehkindliche-entwicklung\\\/\"},\"wordCount\":521,\"commentCount\":0,\"publisher\":{\"@id\":\"https:\\\/\\\/www.eltern-forum.at\\\/ratgeber-news\\\/#organization\"},\"image\":{\"@id\":\"https:\\\/\\\/www.eltern-forum.at\\\/ratgeber-news\\\/die-fruehkindliche-entwicklung\\\/#primaryimage\"},\"thumbnailUrl\":\"https:\\\/\\\/www.eltern-forum.at\\\/ratgeber-news\\\/wp-content\\\/uploads\\\/2013\\\/04\\\/baby-mama.jpg\",\"articleSection\":[\"Baby- und Kinderratgeber\"],\"inLanguage\":\"de\",\"potentialAction\":[{\"@type\":\"CommentAction\",\"name\":\"Comment\",\"target\":[\"https:\\\/\\\/www.eltern-forum.at\\\/ratgeber-news\\\/die-fruehkindliche-entwicklung\\\/#respond\"]}]},{\"@type\":\"WebPage\",\"@id\":\"https:\\\/\\\/www.eltern-forum.at\\\/ratgeber-news\\\/die-fruehkindliche-entwicklung\\\/\",\"url\":\"https:\\\/\\\/www.eltern-forum.at\\\/ratgeber-news\\\/die-fruehkindliche-entwicklung\\\/\",\"name\":\"Die fr\u00fchkindliche Entwicklung - Phasen, Reflexe und Infos\",\"isPartOf\":{\"@id\":\"https:\\\/\\\/www.eltern-forum.at\\\/ratgeber-news\\\/#website\"},\"primaryImageOfPage\":{\"@id\":\"https:\\\/\\\/www.eltern-forum.at\\\/ratgeber-news\\\/die-fruehkindliche-entwicklung\\\/#primaryimage\"},\"image\":{\"@id\":\"https:\\\/\\\/www.eltern-forum.at\\\/ratgeber-news\\\/die-fruehkindliche-entwicklung\\\/#primaryimage\"},\"thumbnailUrl\":\"https:\\\/\\\/www.eltern-forum.at\\\/ratgeber-news\\\/wp-content\\\/uploads\\\/2013\\\/04\\\/baby-mama.jpg\",\"datePublished\":\"2022-04-04T07:53:26+00:00\",\"dateModified\":\"2023-03-07T09:31:41+00:00\",\"inLanguage\":\"de\",\"potentialAction\":[{\"@type\":\"ReadAction\",\"target\":[\"https:\\\/\\\/www.eltern-forum.at\\\/ratgeber-news\\\/die-fruehkindliche-entwicklung\\\/\"]}]},{\"@type\":\"ImageObject\",\"inLanguage\":\"de\",\"@id\":\"https:\\\/\\\/www.eltern-forum.at\\\/ratgeber-news\\\/die-fruehkindliche-entwicklung\\\/#primaryimage\",\"url\":\"https:\\\/\\\/www.eltern-forum.at\\\/ratgeber-news\\\/wp-content\\\/uploads\\\/2013\\\/04\\\/baby-mama.jpg\",\"contentUrl\":\"https:\\\/\\\/www.eltern-forum.at\\\/ratgeber-news\\\/wp-content\\\/uploads\\\/2013\\\/04\\\/baby-mama.jpg\",\"width\":1200,\"height\":675},{\"@type\":\"WebSite\",\"@id\":\"https:\\\/\\\/www.eltern-forum.at\\\/ratgeber-news\\\/#website\",\"url\":\"https:\\\/\\\/www.eltern-forum.at\\\/ratgeber-news\\\/\",\"name\":\"Eltern Ratgeber News\",\"description\":\"ein Projekt von eltern-forum.at\",\"publisher\":{\"@id\":\"https:\\\/\\\/www.eltern-forum.at\\\/ratgeber-news\\\/#organization\"},\"potentialAction\":[{\"@type\":\"SearchAction\",\"target\":{\"@type\":\"EntryPoint\",\"urlTemplate\":\"https:\\\/\\\/www.eltern-forum.at\\\/ratgeber-news\\\/?s={search_term_string}\"},\"query-input\":{\"@type\":\"PropertyValueSpecification\",\"valueRequired\":true,\"valueName\":\"search_term_string\"}}],\"inLanguage\":\"de\"},{\"@type\":\"Organization\",\"@id\":\"https:\\\/\\\/www.eltern-forum.at\\\/ratgeber-news\\\/#organization\",\"name\":\"Eltern Ratgeber News\",\"url\":\"https:\\\/\\\/www.eltern-forum.at\\\/ratgeber-news\\\/\",\"logo\":{\"@type\":\"ImageObject\",\"inLanguage\":\"de\",\"@id\":\"https:\\\/\\\/www.eltern-forum.at\\\/ratgeber-news\\\/#\\\/schema\\\/logo\\\/image\\\/\",\"url\":\"https:\\\/\\\/www.eltern-forum.at\\\/ratgeber-news\\\/wp-content\\\/uploads\\\/2022\\\/12\\\/eltern-forum-logo.svg\",\"contentUrl\":\"https:\\\/\\\/www.eltern-forum.at\\\/ratgeber-news\\\/wp-content\\\/uploads\\\/2022\\\/12\\\/eltern-forum-logo.svg\",\"width\":350,\"height\":80,\"caption\":\"Eltern Ratgeber News\"},\"image\":{\"@id\":\"https:\\\/\\\/www.eltern-forum.at\\\/ratgeber-news\\\/#\\\/schema\\\/logo\\\/image\\\/\"}},{\"@type\":\"Person\",\"@id\":\"https:\\\/\\\/www.eltern-forum.at\\\/ratgeber-news\\\/#\\\/schema\\\/person\\\/0aa87ae35513ed5ac527b597339d87aa\",\"name\":\"Lea Himmel\",\"description\":\"Seit meiner ersten Schwangerschaft besch\u00e4ftige ich mich mit vielen Fragen rund ums Eltern-werden. Ich habe das eltern-forum.at im Jahr 2005 zum Informationsaustausch gegr\u00fcndet. Ich als zweifache Mami und meine Freundinnen und Freunde berichten hier \u00fcber Erfahrungen.\",\"url\":\"https:\\\/\\\/www.eltern-forum.at\\\/ratgeber-news\\\/author\\\/mediennetzwerk\\\/\"}]}<\/script>\n<!-- \/ Yoast SEO plugin. -->","yoast_head_json":{"title":"Die fr\u00fchkindliche Entwicklung - Phasen, Reflexe und Infos","robots":{"index":"index","follow":"follow","max-snippet":"max-snippet:-1","max-image-preview":"max-image-preview:large","max-video-preview":"max-video-preview:-1"},"canonical":"https:\/\/www.eltern-forum.at\/ratgeber-news\/die-fruehkindliche-entwicklung\/","og_locale":"de_DE","og_type":"article","og_title":"Die fr\u00fchkindliche Entwicklung - Phasen, Reflexe und Infos","og_description":"Wenn die Schwangerschaft endlich feststeht, sind die Eltern nat\u00fcrlich vollkommen aus dem H\u00e4uschen. Vom ersten Moment an wird klar, dass sich so einiges \u00e4ndern...","og_url":"https:\/\/www.eltern-forum.at\/ratgeber-news\/die-fruehkindliche-entwicklung\/","og_site_name":"Eltern Ratgeber News","article_published_time":"2022-04-04T07:53:26+00:00","article_modified_time":"2023-03-07T09:31:41+00:00","og_image":[{"width":1200,"height":675,"url":"https:\/\/www.eltern-forum.at\/ratgeber-news\/wp-content\/uploads\/2013\/04\/baby-mama.jpg","type":"image\/jpeg"}],"author":"Lea Himmel","twitter_misc":{"Verfasst von":"Lea Himmel","Gesch\u00e4tzte Lesezeit":"3\u00a0Minuten"},"schema":{"@context":"https:\/\/schema.org","@graph":[{"@type":"Article","@id":"https:\/\/www.eltern-forum.at\/ratgeber-news\/die-fruehkindliche-entwicklung\/#article","isPartOf":{"@id":"https:\/\/www.eltern-forum.at\/ratgeber-news\/die-fruehkindliche-entwicklung\/"},"author":{"name":"Lea Himmel","@id":"https:\/\/www.eltern-forum.at\/ratgeber-news\/#\/schema\/person\/0aa87ae35513ed5ac527b597339d87aa"},"headline":"Die fr\u00fchkindliche Entwicklung &#8211; Phasen, Reflexe und Infos","datePublished":"2022-04-04T07:53:26+00:00","dateModified":"2023-03-07T09:31:41+00:00","mainEntityOfPage":{"@id":"https:\/\/www.eltern-forum.at\/ratgeber-news\/die-fruehkindliche-entwicklung\/"},"wordCount":521,"commentCount":0,"publisher":{"@id":"https:\/\/www.eltern-forum.at\/ratgeber-news\/#organization"},"image":{"@id":"https:\/\/www.eltern-forum.at\/ratgeber-news\/die-fruehkindliche-entwicklung\/#primaryimage"},"thumbnailUrl":"https:\/\/www.eltern-forum.at\/ratgeber-news\/wp-content\/uploads\/2013\/04\/baby-mama.jpg","articleSection":["Baby- und Kinderratgeber"],"inLanguage":"de","potentialAction":[{"@type":"CommentAction","name":"Comment","target":["https:\/\/www.eltern-forum.at\/ratgeber-news\/die-fruehkindliche-entwicklung\/#respond"]}]},{"@type":"WebPage","@id":"https:\/\/www.eltern-forum.at\/ratgeber-news\/die-fruehkindliche-entwicklung\/","url":"https:\/\/www.eltern-forum.at\/ratgeber-news\/die-fruehkindliche-entwicklung\/","name":"Die fr\u00fchkindliche Entwicklung - Phasen, Reflexe und Infos","isPartOf":{"@id":"https:\/\/www.eltern-forum.at\/ratgeber-news\/#website"},"primaryImageOfPage":{"@id":"https:\/\/www.eltern-forum.at\/ratgeber-news\/die-fruehkindliche-entwicklung\/#primaryimage"},"image":{"@id":"https:\/\/www.eltern-forum.at\/ratgeber-news\/die-fruehkindliche-entwicklung\/#primaryimage"},"thumbnailUrl":"https:\/\/www.eltern-forum.at\/ratgeber-news\/wp-content\/uploads\/2013\/04\/baby-mama.jpg","datePublished":"2022-04-04T07:53:26+00:00","dateModified":"2023-03-07T09:31:41+00:00","inLanguage":"de","potentialAction":[{"@type":"ReadAction","target":["https:\/\/www.eltern-forum.at\/ratgeber-news\/die-fruehkindliche-entwicklung\/"]}]},{"@type":"ImageObject","inLanguage":"de","@id":"https:\/\/www.eltern-forum.at\/ratgeber-news\/die-fruehkindliche-entwicklung\/#primaryimage","url":"https:\/\/www.eltern-forum.at\/ratgeber-news\/wp-content\/uploads\/2013\/04\/baby-mama.jpg","contentUrl":"https:\/\/www.eltern-forum.at\/ratgeber-news\/wp-content\/uploads\/2013\/04\/baby-mama.jpg","width":1200,"height":675},{"@type":"WebSite","@id":"https:\/\/www.eltern-forum.at\/ratgeber-news\/#website","url":"https:\/\/www.eltern-forum.at\/ratgeber-news\/","name":"Eltern Ratgeber News","description":"ein Projekt von eltern-forum.at","publisher":{"@id":"https:\/\/www.eltern-forum.at\/ratgeber-news\/#organization"},"potentialAction":[{"@type":"SearchAction","target":{"@type":"EntryPoint","urlTemplate":"https:\/\/www.eltern-forum.at\/ratgeber-news\/?s={search_term_string}"},"query-input":{"@type":"PropertyValueSpecification","valueRequired":true,"valueName":"search_term_string"}}],"inLanguage":"de"},{"@type":"Organization","@id":"https:\/\/www.eltern-forum.at\/ratgeber-news\/#organization","name":"Eltern Ratgeber News","url":"https:\/\/www.eltern-forum.at\/ratgeber-news\/","logo":{"@type":"ImageObject","inLanguage":"de","@id":"https:\/\/www.eltern-forum.at\/ratgeber-news\/#\/schema\/logo\/image\/","url":"https:\/\/www.eltern-forum.at\/ratgeber-news\/wp-content\/uploads\/2022\/12\/eltern-forum-logo.svg","contentUrl":"https:\/\/www.eltern-forum.at\/ratgeber-news\/wp-content\/uploads\/2022\/12\/eltern-forum-logo.svg","width":350,"height":80,"caption":"Eltern Ratgeber News"},"image":{"@id":"https:\/\/www.eltern-forum.at\/ratgeber-news\/#\/schema\/logo\/image\/"}},{"@type":"Person","@id":"https:\/\/www.eltern-forum.at\/ratgeber-news\/#\/schema\/person\/0aa87ae35513ed5ac527b597339d87aa","name":"Lea Himmel","description":"Seit meiner ersten Schwangerschaft besch\u00e4ftige ich mich mit vielen Fragen rund ums Eltern-werden. Ich habe das eltern-forum.at im Jahr 2005 zum Informationsaustausch gegr\u00fcndet. Ich als zweifache Mami und meine Freundinnen und Freunde berichten hier \u00fcber Erfahrungen.","url":"https:\/\/www.eltern-forum.at\/ratgeber-news\/author\/mediennetzwerk\/"}]}},"taxonomy_info":{"category":[{"value":7,"label":"Baby- und Kinderratgeber"}]},"featured_image_src_large":["https:\/\/www.eltern-forum.at\/ratgeber-news\/wp-content\/uploads\/2013\/04\/baby-mama-1024x576.jpg",1024,576,true],"author_info":{"display_name":"Lea Himmel","author_link":"https:\/\/www.eltern-forum.at\/ratgeber-news\/author\/mediennetzwerk\/"},"comment_info":0,"category_info":[{"term_id":7,"name":"Baby- und Kinderratgeber","slug":"baby-und-kinderratgeber","term_group":0,"term_taxonomy_id":7,"taxonomy":"category","description":"In diesem Blog werden dir die wichtigsten Themen rund um Babys und Kinder von A bis Z erkl\u00e4rt.\r\n<h2>Alles \u00fcber Baby- und Kinder-Fragen im eltern-forum.at<\/h2>\r\nImmer wieder stellen sich Eltern neue Fragen und suchen nach Antworten auf ihre Probleme. Doch die Suche nach den richtigen Antworten f\u00fcr die interessantesten Themen im Baby- und Kinderratgeber kann sehr m\u00fchsam sein. Wir haben deshalb hier eine Liste mit den interessantesten Themen zusammengestellt, damit Sie schnell und einfach die passenden Antworten finden.\r\n<h3>Fragen und Antworten<\/h3>\r\nViele interessante Themen warten auf dich im Baby- und Kinderratgeber. Wenn du dich fragst, was du alles \u00fcber die erste Zeit mit deinem Baby wissen solltest, bist du hier genau richtig. Auch f\u00fcr die Kleinsten gibt es viele spannende Themen. Vom Schlafen lernen bis zur Ern\u00e4hrung findest du hier alles, was du \u00fcber die ersten Jahre des Lebens deines Kindes wissen solltest.","parent":0,"count":48,"filter":"raw","cat_ID":7,"category_count":48,"category_description":"In diesem Blog werden dir die wichtigsten Themen rund um Babys und Kinder von A bis Z erkl\u00e4rt.\r\n<h2>Alles \u00fcber Baby- und Kinder-Fragen im eltern-forum.at<\/h2>\r\nImmer wieder stellen sich Eltern neue Fragen und suchen nach Antworten auf ihre Probleme. Doch die Suche nach den richtigen Antworten f\u00fcr die interessantesten Themen im Baby- und Kinderratgeber kann sehr m\u00fchsam sein. Wir haben deshalb hier eine Liste mit den interessantesten Themen zusammengestellt, damit Sie schnell und einfach die passenden Antworten finden.\r\n<h3>Fragen und Antworten<\/h3>\r\nViele interessante Themen warten auf dich im Baby- und Kinderratgeber. Wenn du dich fragst, was du alles \u00fcber die erste Zeit mit deinem Baby wissen solltest, bist du hier genau richtig. Auch f\u00fcr die Kleinsten gibt es viele spannende Themen. Vom Schlafen lernen bis zur Ern\u00e4hrung findest du hier alles, was du \u00fcber die ersten Jahre des Lebens deines Kindes wissen solltest.","cat_name":"Baby- und Kinderratgeber","category_nicename":"baby-und-kinderratgeber","category_parent":0}],"tag_info":false,"_links":{"self":[{"href":"https:\/\/www.eltern-forum.at\/ratgeber-news\/wp-json\/wp\/v2\/posts\/13","targetHints":{"allow":["GET"]}}],"collection":[{"href":"https:\/\/www.eltern-forum.at\/ratgeber-news\/wp-json\/wp\/v2\/posts"}],"about":[{"href":"https:\/\/www.eltern-forum.at\/ratgeber-news\/wp-json\/wp\/v2\/types\/post"}],"author":[{"embeddable":true,"href":"https:\/\/www.eltern-forum.at\/ratgeber-news\/wp-json\/wp\/v2\/users\/3"}],"replies":[{"embeddable":true,"href":"https:\/\/www.eltern-forum.at\/ratgeber-news\/wp-json\/wp\/v2\/comments?post=13"}],"version-history":[{"count":2,"href":"https:\/\/www.eltern-forum.at\/ratgeber-news\/wp-json\/wp\/v2\/posts\/13\/revisions"}],"predecessor-version":[{"id":5157,"href":"https:\/\/www.eltern-forum.at\/ratgeber-news\/wp-json\/wp\/v2\/posts\/13\/revisions\/5157"}],"wp:featuredmedia":[{"embeddable":true,"href":"https:\/\/www.eltern-forum.at\/ratgeber-news\/wp-json\/wp\/v2\/media\/5156"}],"wp:attachment":[{"href":"https:\/\/www.eltern-forum.at\/ratgeber-news\/wp-json\/wp\/v2\/media?parent=13"}],"wp:term":[{"taxonomy":"category","embeddable":true,"href":"https:\/\/www.eltern-forum.at\/ratgeber-news\/wp-json\/wp\/v2\/categories?post=13"},{"taxonomy":"post_tag","embeddable":true,"href":"https:\/\/www.eltern-forum.at\/ratgeber-news\/wp-json\/wp\/v2\/tags?post=13"}],"curies":[{"name":"wp","href":"https:\/\/api.w.org\/{rel}","templated":true}]}}