{"id":1434,"date":"2013-08-16T13:41:06","date_gmt":"2013-08-16T11:41:06","guid":{"rendered":"http:\/\/www.eltern-forum.at\/ratgeber-news\/?p=1434"},"modified":"2014-08-17T08:38:48","modified_gmt":"2014-08-17T06:38:48","slug":"kinder-tragen-tragetucher-tragehilfen-und-co","status":"publish","type":"post","link":"https:\/\/www.eltern-forum.at\/ratgeber-news\/kinder-tragen-tragetucher-tragehilfen-und-co\/","title":{"rendered":"Kinder tragen"},"content":{"rendered":"<p>F\u00fcr ein paar Jahre st\u00e4ndig den Nachwuchs im Kinderwagen herumzuschieben kann manchmal ganz sch\u00f6n beschwerlich sein. Zum Gl\u00fcck gibt es Alternativen, um seine Kinder zu transportieren &#8211; n\u00e4mlich in Form von Traget\u00fcchern, Tragehilfen und Co. Damit ist es f\u00fcr Eltern nicht nur einfacher, sich durch unwegsames Gel\u00e4nde, enge Gesch\u00e4fte und \u00fcberf\u00fcllte Busse und Bahnen zu bewegen. Auch f\u00fcr die Kleinen selbst hat das Tragen einige bedeutsame Vorteile.<\/p>\n<h2>Kinder tragen, das Nat\u00fcrlichste seit eh und je<\/h2>\n<p><img decoding=\"async\" class=\"alignleft\" src=\"http:\/\/www.eltern-forum.at\/ratgeber-news\/wp-content\/uploads\/2013\/02\/baby-im-tragetuch-224x300.png\" alt=\"baby-im-tragetuch\" width=\"224\" height=\"300\" \/>Menschenkinder sind seit Urzeiten genau wie S\u00e4ugetiere Traglinge. Bevor die ersten Kinderwagen als Luxusprodukt aufkamen, war es ganz selbstverst\u00e4ndlich seinen Nachwuchs selbst von einem Ort zum anderen zu tragen. Bei Naturv\u00f6lkern ist dies noch heute \u00fcblich. Babys, die viel getragen werden, schreien bewiesenerma\u00dfen weniger, weil sie ausreichend <strong>K\u00f6rperkontakt<\/strong> zu den Eltern haben. Die schaukelnden Bewegungen beim Gehen und den allt\u00e4glichen Verrichtungen haben au\u00dferdem eine beruhigende Wirkung. Das Vorurteil, dass getragene Kinder Haltungssch\u00e4den bekommen w\u00fcrden, hat sich in Studien nicht best\u00e4tigt &#8211; ganz im Gegenteil. Sofern auf die richtige Haltung in der Tragehilfe bzw. im Tragetuch geachtet wird, wird orthop\u00e4dischen Sch\u00e4den sogar vorgebeugt.<\/p>\n<p>Die Vorteile des Tragens sind auch hier beschrieben: <a href=\"http:\/\/www.eltern-forum.at\/ratgeber-news\/immer-in-kontakt-bleiben-babys-tragen\/\" target=\"_blank\">http:\/\/www.eltern-forum.at\/ratgeber-news\/immer-in-kontakt-bleiben-babys-tragen\/<\/a><\/p>\n<h3>Worauf unabh\u00e4ngig von der Trageart unbedingt geachtet werden sollte:<\/h3>\n<ul>\n<li>Das Baby sollte m\u00f6glichst k\u00f6rpernah getragen werden, so dass es nicht zur Seite oder nach hinten kippen kann. Das K\u00f6pfchen sollte sich knapp unter dem Kinn des Erwachsenen befinden.<\/li>\n<li>Der Babyr\u00fccken muss durch das Tuch oder die Tragekonstruktion gut gest\u00fctzt werden, so dass er fest und gerade ist und nicht durchh\u00e4ngt. Die Beine sollten um 90 Grad angewinkelt und gespreizt sein. Diese typische &#8222;Froschhaltung&#8220; f\u00f6rdert die regelrechte Entwicklung der H\u00fcfte und beugt Fehlstellungen vor. In den ersten Lebensmonaten muss au\u00dferdem insbesondere auf ein gutes Abst\u00fctzen des K\u00f6pfchens geachtet werden.<\/li>\n<li>Die Trageweise (auf dem Bauch, auf der H\u00fcfte oder auf dem R\u00fccken) muss dem Alter des Kindes angemessen und korrekt sein. Bei guten Tragehilfen sind Angaben dazu in der Anleitung zu finden. Didymos, der bekannteste Anbieter von Traget\u00fcchern, bietet Informationen \u00fcber ratsame Bindeweisen f\u00fcr jedes Alter.<\/li>\n<\/ul>\n<h3>Die Frage der R\u00fcckenschmerzen<\/h3>\n<p>Es sieht oft schwer aus vor allem gr\u00f6\u00dfere Babys und Kinder zu tragen. Frauen ohne orthop\u00e4dische Vorsch\u00e4den werden durch das Tragen, wenn sie fr\u00fch damit anfangen und wichtige Tipps beherzigen, jedoch keine R\u00fcckenschmerzen bekommen. Wird kurz nach der Geburt angefangen zu tragen, h\u00e4lt sich das Gewicht des Babys naturgem\u00e4\u00df in Grenzen. Es ist nicht schwerer als es im Mutterleib gewesen ist, so dass die Belastung gering ist. Au\u00dferdem ist das Tragen ein gutes Training zum nat\u00fcrlichen Muskelaufbau nach der Schwangerschaft. Gute Tragehilfen sind so konstruiert, dass sie das Gewicht des Kindes ergonomisch auf dem R\u00fccken verteilen. Wer sich f\u00fcr ein Tragetuch entscheidet, sollte sich in einer sogenannten Trageberatung schlau machen. Dort gibt es gute praktische Tipps, nicht nur zum richtigen Binden des Tuches. Auch wer sich unsicher \u00fcber die Anschaffung eines Tragetuchs ist, kann sich dort nach Herzenslust ausprobieren und danach seine Entscheidung treffen.<\/p>\n<h3>Die optimale Bekleidung in der Trage oder im Tragetuch<\/h3>\n<p>Was das Tragen anbelangt, gibt es manchmal Verunsicherung bez\u00fcglich der Sauerstoffversorgung des Kindes. Diesbez\u00fcgliche Sorgen sind unbegr\u00fcndet, denn Eltern gehen automatisch sicher, dass das N\u00e4schen nicht eingequetscht wird. Was die Klimaregulierung angeht, sollte aber einiges beachtet werden, damit es zu keinem Hitzestau kommt. Getragene Kinder frieren normalerweise weniger als andere, da sie viel K\u00f6rperw\u00e4rme des Erwachsenen aufnehmen. Die Tragehilfe bzw. das Tuch ersetzt generell immer eine Kleidungslage. Im warmen Sommer kann daher z. B. ein normaler Body reichen.<\/p>\n<p>Ein Sonnenschutz, der Kopf und Gesicht bedeckt, ist besonders wichtig. Im Winter wird das Kind normal angezogen samt warmer Jacke und guten Schuhen bzw. Wolls\u00f6ckchen. Vor allem der Kopf und die F\u00fc\u00dfe sollten immer warm gehalten werden, da sie nicht gesondert bedeckt werden. Die obligatorische Decke des Kinderwagens kann entfallen durch die abgegebene K\u00f6rperw\u00e4rme. Da das Kind sich so nahe am K\u00f6rper der Mutter bzw. des Vaters befindet, ist es beim Tragen auch viel leichter zu bemerken, wenn das Kind \u00fcberm\u00e4\u00dfig schwitzt oder friert.<\/p>\n<h3>Wie lange und wie tragen?<\/h3>\n<p>Prinzipiell k\u00f6nnen Kinder so lange getragen werden, wie die Eltern es m\u00f6chten. Irgendwann wird das Kind sicher f\u00fcr den ges\u00fcndesten R\u00fccken zu schwer und m\u00f6chte au\u00dferdem die Welt auf eigenen Beinen erkunden. Das Gewicht und die k\u00f6rperliche Entwicklung spielen eine wichtige Rolle bei der Art und Weise des Tragens.<\/p>\n<p>In den ersten Monaten wird normalerweise die Trageweise auf dem Bauch empfohlen. Das Baby ist geborgen zur Mutterbrust gewandt und interessiert sich noch nicht f\u00fcr seine Umwelt, ist immer gut im Blick und kann au\u00dferdem je nach Trageart problemlos zwischendurch von der Mutter gestillt werden. Wird das Kind mobiler und will viel sehen, kann es mit dem Blick nach au\u00dfen getragen werden. Jedoch sollte auf das Ma\u00df geachtet werden, damit es zu keiner Reiz\u00fcberflutung kommt. F\u00fcr Kleinkinder kommt auch die H\u00fcft- oder R\u00fcckentrageweise in Frage, die r\u00fcckenschonender ist.<\/p>\n<h3>Flexibles Tragetuch oder durchdachte Tragehilfe?<\/h3>\n<p>Ob ein Tragetuch oder eine Tragehilfe bevorzugt wird, ist individuell ganz verschieden. Viele Eltern schw\u00f6ren auf das Tragetuch, das diverse Bindeweisen m\u00f6glich macht. F\u00fcr andere sieht dies zwar beeindruckend, aber zu knifflig aus. Da winzige Feinheiten beim Binden einen gro\u00dfen Unterschied machen k\u00f6nnen, sollte zu Beginn Hilfe bei erfahrenen Tragetuchbenutzern gesucht werden, um nichts falsch zu machen.<\/p>\n<p>Ist die erste H\u00fcrde einmal \u00fcberwunden, kann das Tuch zu einem guten Helfer im Babyalltag werden. Zu beachten sind beim Kauf au\u00dferdem die verschiedenen Tuchl\u00e4ngen, die von 2 Meter bis zu \u00fcber 5 Meter reichen. Mit einem langen Tuch ist generell mehr anzufangen als mit einem kurzen. Auch die K\u00f6rpergr\u00f6\u00dfe des Erwachsenen ist dabei zu beachten. Viele Infos beim f\u00fchrenden Hersteller von Traget\u00fcchern: <a href=\"http:\/\/www.didymos.de\/\" target=\"_blank\">http:\/\/www.didymos.de\/<\/a><\/p>\n<p>Tragehilfen gibt es mittlerweile in vielen Ausf\u00fchrungen. Komforttragen wie die Manduca oder Ergobaby haben zwar ihren Preis, sind aber g\u00fcnstigen Varianten vorzuziehen, die sogar gesundheitssch\u00e4dlich sein k\u00f6nnen. Qualit\u00e4tstragen erm\u00f6glichen meist drei verschiedene Tragepositionen und sind sehr r\u00fcckenschonend dank gepolsterter, verstellbarer Gurte. Die empfohlene Anhob-Spreiz-Haltung des Kindes wird damit garantiert, so dass nichts falsch gemacht werden kann. Qualitative Tragen sind lange einzusetzen, meist ab der Geburt bis zu 5 Jahren, so dass sich die Investition oft lohnt. Auch f\u00fcr Eltern, die nebenbei einen Kinderwagen besitzen, kann eine Trage f\u00fcr manche Situationen sehr praktisch sein.<\/p>\n<p>Welche Tragehilfen es gibt finden sie auch hier: <a title=\"Babys tragen\" href=\"http:\/\/www.kinder-ratgeber.at\/babys-tragen-aber-wie\/\" target=\"_blank\">http:\/\/www.kinder-ratgeber.at\/babys-tragen-aber-wie\/<\/a>&#8222;<\/p>\n","protected":false},"excerpt":{"rendered":"<p>F\u00fcr ein paar Jahre st\u00e4ndig den Nachwuchs im Kinderwagen herumzuschieben kann manchmal ganz sch\u00f6n beschwerlich sein. Zum Gl\u00fcck gibt es Alternativen, um seine Kinder&#8230;<\/p>\n","protected":false},"author":3,"featured_media":1435,"comment_status":"open","ping_status":"open","sticky":false,"template":"","format":"standard","meta":{"inline_featured_image":false,"_kad_blocks_custom_css":"","_kad_blocks_head_custom_js":"","_kad_blocks_body_custom_js":"","_kad_blocks_footer_custom_js":"","_kad_post_transparent":"","_kad_post_title":"","_kad_post_layout":"","_kad_post_sidebar_id":"","_kad_post_content_style":"","_kad_post_vertical_padding":"","_kad_post_feature":"","_kad_post_feature_position":"","_kad_post_header":false,"_kad_post_footer":false,"_kad_post_classname":"","footnotes":""},"categories":[7],"tags":[],"class_list":["post-1434","post","type-post","status-publish","format-standard","has-post-thumbnail","hentry","category-baby-und-kinderratgeber"],"yoast_head":"<!-- This site is optimized with the Yoast SEO plugin v27.5 - https:\/\/yoast.com\/product\/yoast-seo-wordpress\/ -->\n<title>Kinder tragen<\/title>\n<meta name=\"robots\" content=\"index, follow, max-snippet:-1, max-image-preview:large, max-video-preview:-1\" \/>\n<link rel=\"canonical\" href=\"https:\/\/www.eltern-forum.at\/ratgeber-news\/kinder-tragen-tragetucher-tragehilfen-und-co\/\" \/>\n<meta property=\"og:locale\" content=\"de_DE\" \/>\n<meta property=\"og:type\" content=\"article\" \/>\n<meta property=\"og:title\" content=\"Kinder tragen\" \/>\n<meta property=\"og:description\" content=\"F\u00fcr ein paar Jahre st\u00e4ndig den Nachwuchs im Kinderwagen herumzuschieben kann manchmal ganz sch\u00f6n beschwerlich sein. Zum Gl\u00fcck gibt es Alternativen, um seine Kinder...\" \/>\n<meta property=\"og:url\" content=\"https:\/\/www.eltern-forum.at\/ratgeber-news\/kinder-tragen-tragetucher-tragehilfen-und-co\/\" \/>\n<meta property=\"og:site_name\" content=\"Eltern Ratgeber News\" \/>\n<meta property=\"article:published_time\" content=\"2013-08-16T11:41:06+00:00\" \/>\n<meta property=\"article:modified_time\" content=\"2014-08-17T06:38:48+00:00\" \/>\n<meta property=\"og:image\" content=\"https:\/\/www.eltern-forum.at\/ratgeber-news\/wp-content\/uploads\/2014\/08\/kinder-tragen-babyimtragetuch224x300.png\" \/>\n\t<meta property=\"og:image:width\" content=\"224\" \/>\n\t<meta property=\"og:image:height\" content=\"300\" \/>\n\t<meta property=\"og:image:type\" content=\"image\/jpeg\" \/>\n<meta name=\"author\" content=\"Lea Himmel\" \/>\n<meta name=\"twitter:label1\" content=\"Verfasst von\" \/>\n\t<meta name=\"twitter:data1\" content=\"Lea Himmel\" \/>\n\t<meta name=\"twitter:label2\" content=\"Gesch\u00e4tzte Lesezeit\" \/>\n\t<meta name=\"twitter:data2\" content=\"6\u00a0Minuten\" \/>\n<script type=\"application\/ld+json\" class=\"yoast-schema-graph\">{\"@context\":\"https:\\\/\\\/schema.org\",\"@graph\":[{\"@type\":\"Article\",\"@id\":\"https:\\\/\\\/www.eltern-forum.at\\\/ratgeber-news\\\/kinder-tragen-tragetucher-tragehilfen-und-co\\\/#article\",\"isPartOf\":{\"@id\":\"https:\\\/\\\/www.eltern-forum.at\\\/ratgeber-news\\\/kinder-tragen-tragetucher-tragehilfen-und-co\\\/\"},\"author\":{\"name\":\"Lea Himmel\",\"@id\":\"https:\\\/\\\/www.eltern-forum.at\\\/ratgeber-news\\\/#\\\/schema\\\/person\\\/0aa87ae35513ed5ac527b597339d87aa\"},\"headline\":\"Kinder tragen\",\"datePublished\":\"2013-08-16T11:41:06+00:00\",\"dateModified\":\"2014-08-17T06:38:48+00:00\",\"mainEntityOfPage\":{\"@id\":\"https:\\\/\\\/www.eltern-forum.at\\\/ratgeber-news\\\/kinder-tragen-tragetucher-tragehilfen-und-co\\\/\"},\"wordCount\":1129,\"commentCount\":0,\"publisher\":{\"@id\":\"https:\\\/\\\/www.eltern-forum.at\\\/ratgeber-news\\\/#organization\"},\"image\":{\"@id\":\"https:\\\/\\\/www.eltern-forum.at\\\/ratgeber-news\\\/kinder-tragen-tragetucher-tragehilfen-und-co\\\/#primaryimage\"},\"thumbnailUrl\":\"https:\\\/\\\/www.eltern-forum.at\\\/ratgeber-news\\\/wp-content\\\/uploads\\\/2014\\\/08\\\/kinder-tragen-babyimtragetuch224x300.png\",\"articleSection\":[\"Baby- und Kinderratgeber\"],\"inLanguage\":\"de\",\"potentialAction\":[{\"@type\":\"CommentAction\",\"name\":\"Comment\",\"target\":[\"https:\\\/\\\/www.eltern-forum.at\\\/ratgeber-news\\\/kinder-tragen-tragetucher-tragehilfen-und-co\\\/#respond\"]}]},{\"@type\":\"WebPage\",\"@id\":\"https:\\\/\\\/www.eltern-forum.at\\\/ratgeber-news\\\/kinder-tragen-tragetucher-tragehilfen-und-co\\\/\",\"url\":\"https:\\\/\\\/www.eltern-forum.at\\\/ratgeber-news\\\/kinder-tragen-tragetucher-tragehilfen-und-co\\\/\",\"name\":\"Kinder tragen\",\"isPartOf\":{\"@id\":\"https:\\\/\\\/www.eltern-forum.at\\\/ratgeber-news\\\/#website\"},\"primaryImageOfPage\":{\"@id\":\"https:\\\/\\\/www.eltern-forum.at\\\/ratgeber-news\\\/kinder-tragen-tragetucher-tragehilfen-und-co\\\/#primaryimage\"},\"image\":{\"@id\":\"https:\\\/\\\/www.eltern-forum.at\\\/ratgeber-news\\\/kinder-tragen-tragetucher-tragehilfen-und-co\\\/#primaryimage\"},\"thumbnailUrl\":\"https:\\\/\\\/www.eltern-forum.at\\\/ratgeber-news\\\/wp-content\\\/uploads\\\/2014\\\/08\\\/kinder-tragen-babyimtragetuch224x300.png\",\"datePublished\":\"2013-08-16T11:41:06+00:00\",\"dateModified\":\"2014-08-17T06:38:48+00:00\",\"inLanguage\":\"de\",\"potentialAction\":[{\"@type\":\"ReadAction\",\"target\":[\"https:\\\/\\\/www.eltern-forum.at\\\/ratgeber-news\\\/kinder-tragen-tragetucher-tragehilfen-und-co\\\/\"]}]},{\"@type\":\"ImageObject\",\"inLanguage\":\"de\",\"@id\":\"https:\\\/\\\/www.eltern-forum.at\\\/ratgeber-news\\\/kinder-tragen-tragetucher-tragehilfen-und-co\\\/#primaryimage\",\"url\":\"https:\\\/\\\/www.eltern-forum.at\\\/ratgeber-news\\\/wp-content\\\/uploads\\\/2014\\\/08\\\/kinder-tragen-babyimtragetuch224x300.png\",\"contentUrl\":\"https:\\\/\\\/www.eltern-forum.at\\\/ratgeber-news\\\/wp-content\\\/uploads\\\/2014\\\/08\\\/kinder-tragen-babyimtragetuch224x300.png\",\"width\":224,\"height\":300},{\"@type\":\"WebSite\",\"@id\":\"https:\\\/\\\/www.eltern-forum.at\\\/ratgeber-news\\\/#website\",\"url\":\"https:\\\/\\\/www.eltern-forum.at\\\/ratgeber-news\\\/\",\"name\":\"Eltern Ratgeber News\",\"description\":\"ein Projekt von eltern-forum.at\",\"publisher\":{\"@id\":\"https:\\\/\\\/www.eltern-forum.at\\\/ratgeber-news\\\/#organization\"},\"potentialAction\":[{\"@type\":\"SearchAction\",\"target\":{\"@type\":\"EntryPoint\",\"urlTemplate\":\"https:\\\/\\\/www.eltern-forum.at\\\/ratgeber-news\\\/?s={search_term_string}\"},\"query-input\":{\"@type\":\"PropertyValueSpecification\",\"valueRequired\":true,\"valueName\":\"search_term_string\"}}],\"inLanguage\":\"de\"},{\"@type\":\"Organization\",\"@id\":\"https:\\\/\\\/www.eltern-forum.at\\\/ratgeber-news\\\/#organization\",\"name\":\"Eltern Ratgeber News\",\"url\":\"https:\\\/\\\/www.eltern-forum.at\\\/ratgeber-news\\\/\",\"logo\":{\"@type\":\"ImageObject\",\"inLanguage\":\"de\",\"@id\":\"https:\\\/\\\/www.eltern-forum.at\\\/ratgeber-news\\\/#\\\/schema\\\/logo\\\/image\\\/\",\"url\":\"https:\\\/\\\/www.eltern-forum.at\\\/ratgeber-news\\\/wp-content\\\/uploads\\\/2022\\\/12\\\/eltern-forum-logo.svg\",\"contentUrl\":\"https:\\\/\\\/www.eltern-forum.at\\\/ratgeber-news\\\/wp-content\\\/uploads\\\/2022\\\/12\\\/eltern-forum-logo.svg\",\"width\":350,\"height\":80,\"caption\":\"Eltern Ratgeber News\"},\"image\":{\"@id\":\"https:\\\/\\\/www.eltern-forum.at\\\/ratgeber-news\\\/#\\\/schema\\\/logo\\\/image\\\/\"}},{\"@type\":\"Person\",\"@id\":\"https:\\\/\\\/www.eltern-forum.at\\\/ratgeber-news\\\/#\\\/schema\\\/person\\\/0aa87ae35513ed5ac527b597339d87aa\",\"name\":\"Lea Himmel\",\"description\":\"Seit meiner ersten Schwangerschaft besch\u00e4ftige ich mich mit vielen Fragen rund ums Eltern-werden. Ich habe das eltern-forum.at im Jahr 2005 zum Informationsaustausch gegr\u00fcndet. Ich als zweifache Mami und meine Freundinnen und Freunde berichten hier \u00fcber Erfahrungen.\",\"url\":\"https:\\\/\\\/www.eltern-forum.at\\\/ratgeber-news\\\/author\\\/mediennetzwerk\\\/\"}]}<\/script>\n<!-- \/ Yoast SEO plugin. -->","yoast_head_json":{"title":"Kinder tragen","robots":{"index":"index","follow":"follow","max-snippet":"max-snippet:-1","max-image-preview":"max-image-preview:large","max-video-preview":"max-video-preview:-1"},"canonical":"https:\/\/www.eltern-forum.at\/ratgeber-news\/kinder-tragen-tragetucher-tragehilfen-und-co\/","og_locale":"de_DE","og_type":"article","og_title":"Kinder tragen","og_description":"F\u00fcr ein paar Jahre st\u00e4ndig den Nachwuchs im Kinderwagen herumzuschieben kann manchmal ganz sch\u00f6n beschwerlich sein. Zum Gl\u00fcck gibt es Alternativen, um seine Kinder...","og_url":"https:\/\/www.eltern-forum.at\/ratgeber-news\/kinder-tragen-tragetucher-tragehilfen-und-co\/","og_site_name":"Eltern Ratgeber News","article_published_time":"2013-08-16T11:41:06+00:00","article_modified_time":"2014-08-17T06:38:48+00:00","og_image":[{"width":224,"height":300,"url":"https:\/\/www.eltern-forum.at\/ratgeber-news\/wp-content\/uploads\/2014\/08\/kinder-tragen-babyimtragetuch224x300.png","type":"image\/jpeg"}],"author":"Lea Himmel","twitter_misc":{"Verfasst von":"Lea Himmel","Gesch\u00e4tzte Lesezeit":"6\u00a0Minuten"},"schema":{"@context":"https:\/\/schema.org","@graph":[{"@type":"Article","@id":"https:\/\/www.eltern-forum.at\/ratgeber-news\/kinder-tragen-tragetucher-tragehilfen-und-co\/#article","isPartOf":{"@id":"https:\/\/www.eltern-forum.at\/ratgeber-news\/kinder-tragen-tragetucher-tragehilfen-und-co\/"},"author":{"name":"Lea Himmel","@id":"https:\/\/www.eltern-forum.at\/ratgeber-news\/#\/schema\/person\/0aa87ae35513ed5ac527b597339d87aa"},"headline":"Kinder tragen","datePublished":"2013-08-16T11:41:06+00:00","dateModified":"2014-08-17T06:38:48+00:00","mainEntityOfPage":{"@id":"https:\/\/www.eltern-forum.at\/ratgeber-news\/kinder-tragen-tragetucher-tragehilfen-und-co\/"},"wordCount":1129,"commentCount":0,"publisher":{"@id":"https:\/\/www.eltern-forum.at\/ratgeber-news\/#organization"},"image":{"@id":"https:\/\/www.eltern-forum.at\/ratgeber-news\/kinder-tragen-tragetucher-tragehilfen-und-co\/#primaryimage"},"thumbnailUrl":"https:\/\/www.eltern-forum.at\/ratgeber-news\/wp-content\/uploads\/2014\/08\/kinder-tragen-babyimtragetuch224x300.png","articleSection":["Baby- und Kinderratgeber"],"inLanguage":"de","potentialAction":[{"@type":"CommentAction","name":"Comment","target":["https:\/\/www.eltern-forum.at\/ratgeber-news\/kinder-tragen-tragetucher-tragehilfen-und-co\/#respond"]}]},{"@type":"WebPage","@id":"https:\/\/www.eltern-forum.at\/ratgeber-news\/kinder-tragen-tragetucher-tragehilfen-und-co\/","url":"https:\/\/www.eltern-forum.at\/ratgeber-news\/kinder-tragen-tragetucher-tragehilfen-und-co\/","name":"Kinder tragen","isPartOf":{"@id":"https:\/\/www.eltern-forum.at\/ratgeber-news\/#website"},"primaryImageOfPage":{"@id":"https:\/\/www.eltern-forum.at\/ratgeber-news\/kinder-tragen-tragetucher-tragehilfen-und-co\/#primaryimage"},"image":{"@id":"https:\/\/www.eltern-forum.at\/ratgeber-news\/kinder-tragen-tragetucher-tragehilfen-und-co\/#primaryimage"},"thumbnailUrl":"https:\/\/www.eltern-forum.at\/ratgeber-news\/wp-content\/uploads\/2014\/08\/kinder-tragen-babyimtragetuch224x300.png","datePublished":"2013-08-16T11:41:06+00:00","dateModified":"2014-08-17T06:38:48+00:00","inLanguage":"de","potentialAction":[{"@type":"ReadAction","target":["https:\/\/www.eltern-forum.at\/ratgeber-news\/kinder-tragen-tragetucher-tragehilfen-und-co\/"]}]},{"@type":"ImageObject","inLanguage":"de","@id":"https:\/\/www.eltern-forum.at\/ratgeber-news\/kinder-tragen-tragetucher-tragehilfen-und-co\/#primaryimage","url":"https:\/\/www.eltern-forum.at\/ratgeber-news\/wp-content\/uploads\/2014\/08\/kinder-tragen-babyimtragetuch224x300.png","contentUrl":"https:\/\/www.eltern-forum.at\/ratgeber-news\/wp-content\/uploads\/2014\/08\/kinder-tragen-babyimtragetuch224x300.png","width":224,"height":300},{"@type":"WebSite","@id":"https:\/\/www.eltern-forum.at\/ratgeber-news\/#website","url":"https:\/\/www.eltern-forum.at\/ratgeber-news\/","name":"Eltern Ratgeber News","description":"ein Projekt von eltern-forum.at","publisher":{"@id":"https:\/\/www.eltern-forum.at\/ratgeber-news\/#organization"},"potentialAction":[{"@type":"SearchAction","target":{"@type":"EntryPoint","urlTemplate":"https:\/\/www.eltern-forum.at\/ratgeber-news\/?s={search_term_string}"},"query-input":{"@type":"PropertyValueSpecification","valueRequired":true,"valueName":"search_term_string"}}],"inLanguage":"de"},{"@type":"Organization","@id":"https:\/\/www.eltern-forum.at\/ratgeber-news\/#organization","name":"Eltern Ratgeber News","url":"https:\/\/www.eltern-forum.at\/ratgeber-news\/","logo":{"@type":"ImageObject","inLanguage":"de","@id":"https:\/\/www.eltern-forum.at\/ratgeber-news\/#\/schema\/logo\/image\/","url":"https:\/\/www.eltern-forum.at\/ratgeber-news\/wp-content\/uploads\/2022\/12\/eltern-forum-logo.svg","contentUrl":"https:\/\/www.eltern-forum.at\/ratgeber-news\/wp-content\/uploads\/2022\/12\/eltern-forum-logo.svg","width":350,"height":80,"caption":"Eltern Ratgeber News"},"image":{"@id":"https:\/\/www.eltern-forum.at\/ratgeber-news\/#\/schema\/logo\/image\/"}},{"@type":"Person","@id":"https:\/\/www.eltern-forum.at\/ratgeber-news\/#\/schema\/person\/0aa87ae35513ed5ac527b597339d87aa","name":"Lea Himmel","description":"Seit meiner ersten Schwangerschaft besch\u00e4ftige ich mich mit vielen Fragen rund ums Eltern-werden. Ich habe das eltern-forum.at im Jahr 2005 zum Informationsaustausch gegr\u00fcndet. Ich als zweifache Mami und meine Freundinnen und Freunde berichten hier \u00fcber Erfahrungen.","url":"https:\/\/www.eltern-forum.at\/ratgeber-news\/author\/mediennetzwerk\/"}]}},"taxonomy_info":{"category":[{"value":7,"label":"Baby- und Kinderratgeber"}]},"featured_image_src_large":["https:\/\/www.eltern-forum.at\/ratgeber-news\/wp-content\/uploads\/2014\/08\/kinder-tragen-babyimtragetuch224x300.png",224,300,false],"author_info":{"display_name":"Lea Himmel","author_link":"https:\/\/www.eltern-forum.at\/ratgeber-news\/author\/mediennetzwerk\/"},"comment_info":0,"category_info":[{"term_id":7,"name":"Baby- und Kinderratgeber","slug":"baby-und-kinderratgeber","term_group":0,"term_taxonomy_id":7,"taxonomy":"category","description":"In diesem Blog werden dir die wichtigsten Themen rund um Babys und Kinder von A bis Z erkl\u00e4rt.\r\n<h2>Alles \u00fcber Baby- und Kinder-Fragen im eltern-forum.at<\/h2>\r\nImmer wieder stellen sich Eltern neue Fragen und suchen nach Antworten auf ihre Probleme. Doch die Suche nach den richtigen Antworten f\u00fcr die interessantesten Themen im Baby- und Kinderratgeber kann sehr m\u00fchsam sein. Wir haben deshalb hier eine Liste mit den interessantesten Themen zusammengestellt, damit Sie schnell und einfach die passenden Antworten finden.\r\n<h3>Fragen und Antworten<\/h3>\r\nViele interessante Themen warten auf dich im Baby- und Kinderratgeber. Wenn du dich fragst, was du alles \u00fcber die erste Zeit mit deinem Baby wissen solltest, bist du hier genau richtig. Auch f\u00fcr die Kleinsten gibt es viele spannende Themen. Vom Schlafen lernen bis zur Ern\u00e4hrung findest du hier alles, was du \u00fcber die ersten Jahre des Lebens deines Kindes wissen solltest.","parent":0,"count":48,"filter":"raw","cat_ID":7,"category_count":48,"category_description":"In diesem Blog werden dir die wichtigsten Themen rund um Babys und Kinder von A bis Z erkl\u00e4rt.\r\n<h2>Alles \u00fcber Baby- und Kinder-Fragen im eltern-forum.at<\/h2>\r\nImmer wieder stellen sich Eltern neue Fragen und suchen nach Antworten auf ihre Probleme. Doch die Suche nach den richtigen Antworten f\u00fcr die interessantesten Themen im Baby- und Kinderratgeber kann sehr m\u00fchsam sein. Wir haben deshalb hier eine Liste mit den interessantesten Themen zusammengestellt, damit Sie schnell und einfach die passenden Antworten finden.\r\n<h3>Fragen und Antworten<\/h3>\r\nViele interessante Themen warten auf dich im Baby- und Kinderratgeber. Wenn du dich fragst, was du alles \u00fcber die erste Zeit mit deinem Baby wissen solltest, bist du hier genau richtig. Auch f\u00fcr die Kleinsten gibt es viele spannende Themen. Vom Schlafen lernen bis zur Ern\u00e4hrung findest du hier alles, was du \u00fcber die ersten Jahre des Lebens deines Kindes wissen solltest.","cat_name":"Baby- und Kinderratgeber","category_nicename":"baby-und-kinderratgeber","category_parent":0}],"tag_info":false,"_links":{"self":[{"href":"https:\/\/www.eltern-forum.at\/ratgeber-news\/wp-json\/wp\/v2\/posts\/1434","targetHints":{"allow":["GET"]}}],"collection":[{"href":"https:\/\/www.eltern-forum.at\/ratgeber-news\/wp-json\/wp\/v2\/posts"}],"about":[{"href":"https:\/\/www.eltern-forum.at\/ratgeber-news\/wp-json\/wp\/v2\/types\/post"}],"author":[{"embeddable":true,"href":"https:\/\/www.eltern-forum.at\/ratgeber-news\/wp-json\/wp\/v2\/users\/3"}],"replies":[{"embeddable":true,"href":"https:\/\/www.eltern-forum.at\/ratgeber-news\/wp-json\/wp\/v2\/comments?post=1434"}],"version-history":[{"count":0,"href":"https:\/\/www.eltern-forum.at\/ratgeber-news\/wp-json\/wp\/v2\/posts\/1434\/revisions"}],"wp:featuredmedia":[{"embeddable":true,"href":"https:\/\/www.eltern-forum.at\/ratgeber-news\/wp-json\/wp\/v2\/media\/1435"}],"wp:attachment":[{"href":"https:\/\/www.eltern-forum.at\/ratgeber-news\/wp-json\/wp\/v2\/media?parent=1434"}],"wp:term":[{"taxonomy":"category","embeddable":true,"href":"https:\/\/www.eltern-forum.at\/ratgeber-news\/wp-json\/wp\/v2\/categories?post=1434"},{"taxonomy":"post_tag","embeddable":true,"href":"https:\/\/www.eltern-forum.at\/ratgeber-news\/wp-json\/wp\/v2\/tags?post=1434"}],"curies":[{"name":"wp","href":"https:\/\/api.w.org\/{rel}","templated":true}]}}