{"id":30,"date":"2023-02-13T13:14:12","date_gmt":"2023-02-13T11:14:12","guid":{"rendered":"http:\/\/www.eltern-forum.at\/ratgeber-news\/?p=30"},"modified":"2023-02-13T13:15:18","modified_gmt":"2023-02-13T11:15:18","slug":"immer-in-kontakt-bleiben-babys-tragen","status":"publish","type":"post","link":"https:\/\/www.eltern-forum.at\/ratgeber-news\/immer-in-kontakt-bleiben-babys-tragen\/","title":{"rendered":"Immer in Kontakt bleiben &#8211; Babys tragen"},"content":{"rendered":"\n<p>Seit einigen Jahren sieht man immer h\u00e4ufiger Eltern, die ihre Kinder nicht im Kinderwagen vor sich her schieben, sondern am K\u00f6rper tragen, entweder in Traget\u00fcchern oder verschiedenen Tragehilfen vor dem Bauch oder auf dem R\u00fccken. Bei der Entscheidung f\u00fcr eine bestimmte Trageform gilt es, einige Aspekte zu bedenken.<\/p>\n\n\n\n<div class=\"aawp\">\n    <div class=\"aawp-grid aawp-grid--col-3\">\n\n            \n        <div class=\"aawp-grid__item\">\n            \n<div class=\"aawp-product aawp-product--vertical aawp-product--css-adjust-image-large aawp-product--bestseller aawp-product--ribbon\"  data-aawp-product-asin=\"B0771R14R7\" data-aawp-product-id=\"22813\" data-aawp-tracking-id=\"elternforum-21\" data-aawp-product-title=\"Laleni Tragetuch Baby Babytragetuch - Babytrage f\u00fcr Neugeborene 100% weiche Bio-Baumwolle elastisch bis 15kg\" data-aawp-click-tracking=\"title\">\n\n    \n    <a class=\"aawp-product__image--link aawp-product__image\"\n       href=\"https:\/\/www.amazon.de\/dp\/B0771R14R7?tag=elternforum-21&linkCode=ogi&th=1&psc=1&keywords=tragetuch\" title=\"Laleni Tragetuch Baby, Babytragetuch - Babytrage f\u00fcr Neugeborene, 100% weiche Bio-Baumwolle, elastisch bis 15kg\" rel=\"nofollow noopener sponsored\" target=\"_blank\">\n        <img decoding=\"async\" class=\"aawp-product__image\" src=\"https:\/\/www.eltern-forum.at\/ratgeber-news\/wp-content\/plugins\/aawp\/public\/image.php?url=YUhSMGNITTZMeTl0TG0xbFpHbGhMV0Z0WVhwdmJpNWpiMjB2YVcxaFoyVnpMMGt2TkRGWVdVaFhkMjQwZUV3dWFuQm58MTc3NzcwOTI3NQ=\" alt=\"Laleni Tragetuch Baby, Babytragetuch - Babytrage f\u00fcr Neugeborene, 100% weiche Bio-Baumwolle, elastisch bis 15kg\"  \/>\n    <\/a>\n\n    <div class=\"aawp-product__content\">\n        <a class=\"aawp-product__title\" href=\"https:\/\/www.amazon.de\/dp\/B0771R14R7?tag=elternforum-21&linkCode=ogi&th=1&psc=1&keywords=tragetuch\" title=\"Laleni Tragetuch Baby, Babytragetuch - Babytrage f\u00fcr Neugeborene, 100% weiche Bio-Baumwolle, elastisch bis 15kg\" rel=\"nofollow noopener sponsored\" target=\"_blank\">\n            Laleni Tragetuch Baby, Babytragetuch - Babytrage...        <\/a>\n\n        <div class=\"aawp-product__meta\">\n            \n                    <\/div>\n    <\/div>\n\n    <div class=\"aawp-product__footer\">\n\n        <div class=\"aawp-product__pricing\">\n\n            \n                            <span class=\"aawp-product__price aawp-product__price--current\"><\/span>\n                    <\/div>\n\n                <a class=\"aawp-button aawp-button--buy aawp-button aawp-button--amazon aawp-button--icon aawp-button--icon-black\" href=\"https:\/\/www.amazon.de\/dp\/B0771R14R7?tag=elternforum-21&#038;linkCode=ogi&#038;th=1&#038;psc=1&#038;keywords=tragetuch\" title=\"Bei Amazon kaufen\" target=\"_blank\" rel=\"nofollow noopener sponsored\">Bei Amazon kaufen<\/a>\n            <\/div>\n<\/div>\n        <\/div>\n\n            \n        <div class=\"aawp-grid__item\">\n            \n<div class=\"aawp-product aawp-product--vertical aawp-product--css-adjust-image-large aawp-product--bestseller aawp-product--ribbon\"  data-aawp-product-asin=\"B091F86N38\" data-aawp-product-id=\"22814\" data-aawp-tracking-id=\"elternforum-21\" data-aawp-product-title=\"KeaBabies Babytrage Ab Geburt - Atmungsaktive Babytraget\u00fccher Babytrage Neugeborene Ab Geburt Babytuch Tragetuch Baby Neugeborene Kleinkind Handfreie Baby Carrier  Stone Gray\" data-aawp-click-tracking=\"title\">\n\n    \n    <a class=\"aawp-product__image--link aawp-product__image\"\n       href=\"https:\/\/www.amazon.de\/dp\/B091F86N38?tag=elternforum-21&linkCode=ogi&th=1&psc=1&keywords=tragetuch\" title=\"KeaBabies Babytrage Ab Geburt - Atmungsaktive Babytraget\u00fccher, Babytrage Neugeborene Ab Geburt, Babytuch Tragetuch Baby Neugeborene...\" rel=\"nofollow noopener sponsored\" target=\"_blank\">\n        <img decoding=\"async\" class=\"aawp-product__image\" src=\"https:\/\/www.eltern-forum.at\/ratgeber-news\/wp-content\/plugins\/aawp\/public\/image.php?url=YUhSMGNITTZMeTl0TG0xbFpHbGhMV0Z0WVhwdmJpNWpiMjB2YVcxaFoyVnpMMGt2TkRGMFFtMVZabUZ2V1V3dWFuQm58MTc3NzcwOTI3NQ=\" alt=\"KeaBabies Babytrage Ab Geburt - Atmungsaktive Babytraget\u00fccher, Babytrage Neugeborene Ab Geburt, Babytuch Tragetuch Baby Neugeborene...\"  \/>\n    <\/a>\n\n    <div class=\"aawp-product__content\">\n        <a class=\"aawp-product__title\" href=\"https:\/\/www.amazon.de\/dp\/B091F86N38?tag=elternforum-21&linkCode=ogi&th=1&psc=1&keywords=tragetuch\" title=\"KeaBabies Babytrage Ab Geburt - Atmungsaktive Babytraget\u00fccher, Babytrage Neugeborene Ab Geburt, Babytuch Tragetuch Baby Neugeborene...\" rel=\"nofollow noopener sponsored\" target=\"_blank\">\n            KeaBabies Babytrage Ab Geburt - Atmungsaktive...        <\/a>\n\n        <div class=\"aawp-product__meta\">\n            \n                    <\/div>\n    <\/div>\n\n    <div class=\"aawp-product__footer\">\n\n        <div class=\"aawp-product__pricing\">\n\n            \n                            <span class=\"aawp-product__price aawp-product__price--current\"><\/span>\n                    <\/div>\n\n                <a class=\"aawp-button aawp-button--buy aawp-button aawp-button--amazon aawp-button--icon aawp-button--icon-black\" href=\"https:\/\/www.amazon.de\/dp\/B091F86N38?tag=elternforum-21&#038;linkCode=ogi&#038;th=1&#038;psc=1&#038;keywords=tragetuch\" title=\"Bei Amazon kaufen\" target=\"_blank\" rel=\"nofollow noopener sponsored\">Bei Amazon kaufen<\/a>\n            <\/div>\n<\/div>\n        <\/div>\n\n            \n        <div class=\"aawp-grid__item\">\n            \n<div class=\"aawp-product aawp-product--vertical aawp-product--css-adjust-image-large aawp-product--bestseller aawp-product--ribbon\"  data-aawp-product-asin=\"B0DPW1D5W5\" data-aawp-product-id=\"22815\" data-aawp-tracking-id=\"elternforum-21\" data-aawp-product-title=\"Sleepy Wrap Babytragetuch - Baumwoll Tragetuch Baby Neugeboren bis 15 kg Maschinenwaschbar Kuschelweich &amp; Atmungsaktiv  Schwarz\" data-aawp-click-tracking=\"title\">\n\n    \n    <a class=\"aawp-product__image--link aawp-product__image\"\n       href=\"https:\/\/www.amazon.de\/dp\/B0DPW1D5W5?tag=elternforum-21&linkCode=ogi&th=1&psc=1&keywords=tragetuch\" title=\"Sleepy Wrap Babytragetuch - Baumwoll Tragetuch Baby Neugeboren bis 15 kg, Maschinenwaschbar, Kuschelweich & Atmungsaktiv (Schwarz)\" rel=\"nofollow noopener sponsored\" target=\"_blank\">\n        <img decoding=\"async\" class=\"aawp-product__image\" src=\"https:\/\/www.eltern-forum.at\/ratgeber-news\/wp-content\/plugins\/aawp\/public\/image.php?url=YUhSMGNITTZMeTl0TG0xbFpHbGhMV0Z0WVhwdmJpNWpiMjB2YVcxaFoyVnpMMGt2TkRGd2FWTklja2xXTlV3dWFuQm58MTc3NzcwOTI3NQ=\" alt=\"Sleepy Wrap Babytragetuch - Baumwoll Tragetuch Baby Neugeboren bis 15 kg, Maschinenwaschbar, Kuschelweich & Atmungsaktiv (Schwarz)\"  \/>\n    <\/a>\n\n    <div class=\"aawp-product__content\">\n        <a class=\"aawp-product__title\" href=\"https:\/\/www.amazon.de\/dp\/B0DPW1D5W5?tag=elternforum-21&linkCode=ogi&th=1&psc=1&keywords=tragetuch\" title=\"Sleepy Wrap Babytragetuch - Baumwoll Tragetuch Baby Neugeboren bis 15 kg, Maschinenwaschbar, Kuschelweich & Atmungsaktiv (Schwarz)\" rel=\"nofollow noopener sponsored\" target=\"_blank\">\n            Sleepy Wrap Babytragetuch - Baumwoll Tragetuch...        <\/a>\n\n        <div class=\"aawp-product__meta\">\n            \n                    <\/div>\n    <\/div>\n\n    <div class=\"aawp-product__footer\">\n\n        <div class=\"aawp-product__pricing\">\n\n            \n                            <span class=\"aawp-product__price aawp-product__price--current\"><\/span>\n                    <\/div>\n\n                <a class=\"aawp-button aawp-button--buy aawp-button aawp-button--amazon aawp-button--icon aawp-button--icon-black\" href=\"https:\/\/www.amazon.de\/dp\/B0DPW1D5W5?tag=elternforum-21&#038;linkCode=ogi&#038;th=1&#038;psc=1&#038;keywords=tragetuch\" title=\"Bei Amazon kaufen\" target=\"_blank\" rel=\"nofollow noopener sponsored\">Bei Amazon kaufen<\/a>\n            <\/div>\n<\/div>\n        <\/div>\n\n    \n    <\/div>\n<\/div>\n\n\n\n\n<h2 class=\"wp-block-heading\">Warum \u00fcberhaupt Tragen?<\/h2>\n\n\n\n<p>Fragt man einen Zoologen nach den Bed\u00fcrfnissen eines sehr jungen Menschenkindes, erf\u00e4hrt man, dass Primatenjunge (dazu z\u00e4hlen neben den Menschenaffen auch die heutigen Menschen) &#8222;Traglinge&#8220; sind. Im Gegensatz zu &#8222;Nesthockern&#8220;, wie z.B. neugeborene Katzen, die blind und hilflos im Nest von ihrer Mutter versorgt werden, und &#8222;Nestfl\u00fcchtern&#8220; wie z.B. H\u00fchnerk\u00fcken, die direkt umherlaufen und Futter aufpicken k\u00f6nnen, sind junge Primaten darauf ausgelegt, von ihrer Mutter oder anderen Familienangeh\u00f6rigen mit herumgetragen zu werden.<\/p>\n\n\n\n<p class=\"has-theme-palette-8-background-color has-background\">Da den Menschen im Gegensatz zu den Affen das Fell zum Festklammern fehlt, wurden und werden Menschenbabys im Arm und unterst\u00fctzt durch T\u00fccher, Schlingen und andere Konstruktionen am K\u00f6rper mitgef\u00fchrt.<\/p>\n\n\n\n<p>Erst durch den verbesserten Stra\u00dfenzustand und die \u00f6ffentliche Guthei\u00dfung durch K\u00f6nigin Victoria von England wurde der Siegeszug des <strong>Kinderwagens<\/strong> erm\u00f6glicht und seither einige Generationen von Kindern durch die Stra\u00dfen geschoben.<\/p>\n\n\n\n<p>Die allm\u00e4hliche R\u00fcckkehr zum k\u00f6rpernahen Tragen in der westlichen Welt durch alternativ denkende Eltern wurde anfangs noch belacht. Mittlerweile sind es nicht nur &#8222;<em>\u00d6kos<\/em>&#8220; und &#8222;<em>Hippies<\/em>&#8222;, die ihre Kinder tragen, sondern alle m\u00f6glichen aufgeschlossenen Menschen, die sich und ihren Kindern etwas Gutes tun wollen.<\/p>\n\n\n\n<figure class=\"wp-block-image size-large\"><a href=\"https:\/\/www.eltern-forum.at\/ratgeber-news\/wp-content\/uploads\/2023\/02\/tragetuch.jpg\"><img decoding=\"async\" width=\"1024\" height=\"576\" src=\"https:\/\/www.eltern-forum.at\/ratgeber-news\/wp-content\/uploads\/2023\/02\/tragetuch-1024x576.jpg\" alt=\"\" class=\"wp-image-5039\" srcset=\"https:\/\/www.eltern-forum.at\/ratgeber-news\/wp-content\/uploads\/2023\/02\/tragetuch-1024x576.jpg 1024w, https:\/\/www.eltern-forum.at\/ratgeber-news\/wp-content\/uploads\/2023\/02\/tragetuch-300x169.jpg 300w, https:\/\/www.eltern-forum.at\/ratgeber-news\/wp-content\/uploads\/2023\/02\/tragetuch-768x432.jpg 768w, https:\/\/www.eltern-forum.at\/ratgeber-news\/wp-content\/uploads\/2023\/02\/tragetuch.jpg 1200w\" sizes=\"(max-width: 1024px) 100vw, 1024px\" \/><\/a><\/figure>\n\n\n\n<h3 class=\"wp-block-heading\">F\u00fcr wen ist Tragen geeignet?<\/h3>\n\n\n\n<p>Grunds\u00e4tzlich lassen sich fast alle Babys sehr gern tragen, wenn sie es von Anfang an gewohnt sind. Es gibt nur ganz wenige Kinder, die es grunds\u00e4tzlich ablehnen.<br>Tragen k\u00f6nnen alle gesunden Erwachsenen. Bei R\u00fcckenproblemen sind symmetrische Tragesysteme und die R\u00fcckentrageweise besonders empfehlenswert.<\/p>\n\n\n\n<h3 class=\"wp-block-heading\">Vorteile des Tragens<\/h3>\n\n\n\n<ul class=\"wp-block-list\">\n<li>&#8222;Bonding&#8220; &#8211; enge Verbundenheit zwischen Tragendem und Kind<\/li>\n\n\n\n<li>H\u00e4nde frei f\u00fcr Hausarbeit etc.<\/li>\n\n\n\n<li>Treppen und \u00f6ffentliche Verkehrsmittel sind kein Problem<\/li>\n\n\n\n<li>Entwicklungsf\u00f6rdernde Haltung des Kindes bei richtiger Trageweise (Wirbels\u00e4ule und H\u00fcftgelenke)<\/li>\n\n\n\n<li>Schulung von K\u00f6rperempfinden und Gleichgewichtssinn des Babys<\/li>\n\n\n\n<li>Kind f\u00fchlt sich st\u00e4ndig geborgen<\/li>\n\n\n\n<li>\u201dSchreibabys\u201d beruhigen sich<\/li>\n\n\n\n<li>K\u00f6rperw\u00e4rme des Tragenden h\u00e4lt das Kind warm<\/li>\n<\/ul>\n\n\n\n<h3 class=\"wp-block-heading\">Tragesysteme<\/h3>\n\n\n\n<p>Es gibt mittlerweile eine riesige Vielfalt an Tragesystemen und mehrere Tragepositionen: Vor dem Bauch, auf dem R\u00fccken und seitlich auf der H\u00fcfte.<\/p>\n\n\n\n<p><strong>Die meisten Tragehilfen, die derzeit auf dem Markt sind, lassen sich in die folgenden Kategorien einteilen:<\/strong><\/p>\n\n\n\n<ul class=\"wp-block-list\">\n<li>Tragetuch gewebt oder elastisch<\/li>\n\n\n\n<li>Babytragen (&#8222;Carrier&#8220;)<\/li>\n\n\n\n<li>Ringt\u00fccher (&#8222;Slings&#8220;)<\/li>\n<\/ul>\n\n\n\n<p>Die vielf\u00e4ltigsten Einsatzm\u00f6glichkeiten bietet das klassische gewebte Tragetuch. Mit der entsprechenden Bindetechnik l\u00e4sst sich das Kind in nahezu jeder gew\u00fcnschten Position tragen. Das Binden des Tragetuchs sollte unbedingt unter erfahrener Anleitung erlernt werden, um die f\u00fcr Kind und Tr\u00e4ger optimalen Gewichtsverteilungen zu erzielen. Das Tuch mit einer L\u00e4nge von meist 4 bis \u00fcber 5 Metern ist nicht nur korrekt zu wickeln, die Falten m\u00fcssen teilweise noch nachgezogen werden und die Knoten gestrafft.<\/p>\n\n\n\n<p>Etwas einfacher gestaltet sich die Verwendung eines elastischen Tragetuchs, das Nachjustieren entf\u00e4llt weitgehend.<\/p>\n\n\n\n<p>Wem das zuviel Aufwand ist und sein Kind schnell mit nur wenigen Handgriffen sicher in der anatomisch korrekten Haltung aufgeschnallt haben m\u00f6chte, ist mit einer der zahlreichen Babytragen besser beraten. F\u00fcr die kleinsten Babys gibt es beispielsweise Babytragen, die mit nur 2 Klettverschl\u00fcssen eine sichere und bequeme Haltung erreichen und f\u00fcr Bauch- und H\u00fcfttrageposition geeignet sind. Andere Systeme bieten gepolsterte H\u00fcftgurte und Tr\u00e4ger und werden mit Steckschnallen geschlossen. Sind die Gurte einmal auf die richtige L\u00e4nge eingestellt, entf\u00e4llt umst\u00e4ndliches Nachjustieren. Die meisten dieser Tragesysteme sind als Bauch- und R\u00fcckentrage geeignet und auch teilweise f\u00fcr die seitliche Trageposition umbaubar.<\/p>\n\n\n\n<p>F\u00fcr das seitliche Tragen gedacht sind die sogenannten &#8222;Slings&#8220;, ein Stroffschlauch oder -schal mit Ring, der nur \u00fcber eine Schulter des Tragenden verl\u00e4uft und das Kind, zumeist mit der Unterst\u00fctzung des Armes, auf der gegen\u00fcberliegenden H\u00fcfte positioniert. Ganz kleine S\u00e4uglinge k\u00f6nnen darin auch wie in einer Art H\u00e4ngematte vor dem K\u00f6rper getragen werden.<\/p>\n\n\n\n<h2 class=\"wp-block-heading\">Bauch- oder R\u00fcckentragen?<\/h2>\n\n\n\n<p>Gerade im Anfang, wenn das Kind noch ganz klein ist, empfiehlt sich die Bauchtrageposition, wobei nicht nur auf die anatomisch korrekte Anhock-Spreizstellung der Beine geachtet werden muss, sondern auch das K\u00f6pfchen gest\u00fctzt werden soll, da das Kind es noch nicht selbst halten kann. <\/p>\n\n\n\n<p>Das Kind sieht seine Bezugsperson und f\u00fchlt sich geborgen, und der Tragende hat das Kind jederzeit im Blick und kann schon auf kleinste Unmuts\u00e4u\u00dferungen reagieren. Au\u00dferdem l\u00e4sst sich das Kind in der Bauchtrageposition bei allen Tragesystemen am einfachsten ohne fremde Hilfe auf- und absetzen. Das geringe Gewicht des Kindes l\u00e4sst sich, insbesondere im direkten Anschluss an die Schwangerschaft, ohne weiteres vor dem Bauch tragen, die R\u00fcckenmuskeln des Tragenden sind in \u00dcbung und passen sich dem steigenden Gewicht an.<\/p>\n\n\n\n<p>Unbedingt vermeiden sollte man Bauchtragepositionen, bei denen das Kind nach vorn schaut, von dem Tragenden weg. Diese Haltung ist f\u00fcr R\u00fccken und H\u00fcfte des Kindes ungeeignet, und das Kind hat nicht die M\u00f6glichkeit, wenn es &#8222;genug hat&#8220;, bei Reiz\u00fcberflutung, sich abzuwenden und den Kopf an den Tragenden anzukuscheln.<\/p>\n\n\n\n<p>Wenn das Kind \u00e4lter und schwerer wird, kann man zur R\u00fcckentrageposition \u00fcbergehen, was den R\u00fccken des Tr\u00e4gers ungemein entlastet und das Tragen bis ins Kleinkindalter ohne Weiteres m\u00f6glich macht.<\/p>\n","protected":false},"excerpt":{"rendered":"<p>Seit einigen Jahren sieht man immer h\u00e4ufiger Eltern, die ihre Kinder nicht im Kinderwagen vor sich her schieben, sondern am K\u00f6rper tragen, entweder in&#8230;<\/p>\n","protected":false},"author":3,"featured_media":36,"comment_status":"open","ping_status":"open","sticky":false,"template":"","format":"standard","meta":{"inline_featured_image":false,"_kad_blocks_custom_css":"","_kad_blocks_head_custom_js":"","_kad_blocks_body_custom_js":"","_kad_blocks_footer_custom_js":"","_kad_post_transparent":"default","_kad_post_title":"default","_kad_post_layout":"default","_kad_post_sidebar_id":"","_kad_post_content_style":"default","_kad_post_vertical_padding":"default","_kad_post_feature":"","_kad_post_feature_position":"","_kad_post_header":false,"_kad_post_footer":false,"_kad_post_classname":"","footnotes":""},"categories":[1,7],"tags":[],"class_list":["post-30","post","type-post","status-publish","format-standard","has-post-thumbnail","hentry","category-allgemein","category-baby-und-kinderratgeber"],"yoast_head":"<!-- This site is optimized with the Yoast SEO plugin v27.5 - https:\/\/yoast.com\/product\/yoast-seo-wordpress\/ -->\n<title>Babys tragen - Tragetuch Ratgeber - immer in Kontakt bleiben<\/title>\n<meta name=\"description\" content=\"Vorteile und M\u00f6glichkeiten, das Baby zu Tragen finden sie in diesem Artikel. Welche Tragem\u00f6glichkeiten gibt es? Jetzt Informieren!\" \/>\n<meta name=\"robots\" content=\"index, follow, max-snippet:-1, max-image-preview:large, max-video-preview:-1\" \/>\n<link rel=\"canonical\" href=\"https:\/\/www.eltern-forum.at\/ratgeber-news\/immer-in-kontakt-bleiben-babys-tragen\/\" \/>\n<meta property=\"og:locale\" content=\"de_DE\" \/>\n<meta property=\"og:type\" content=\"article\" \/>\n<meta property=\"og:title\" content=\"Babys tragen - Tragetuch Ratgeber - immer in Kontakt bleiben\" \/>\n<meta property=\"og:description\" content=\"Vorteile und M\u00f6glichkeiten, das Baby zu Tragen finden sie in diesem Artikel. Welche Tragem\u00f6glichkeiten gibt es? Jetzt Informieren!\" \/>\n<meta property=\"og:url\" content=\"https:\/\/www.eltern-forum.at\/ratgeber-news\/immer-in-kontakt-bleiben-babys-tragen\/\" \/>\n<meta property=\"og:site_name\" content=\"Eltern Ratgeber News\" \/>\n<meta property=\"article:published_time\" content=\"2023-02-13T11:14:12+00:00\" \/>\n<meta property=\"article:modified_time\" content=\"2023-02-13T11:15:18+00:00\" \/>\n<meta property=\"og:image\" content=\"https:\/\/www.eltern-forum.at\/ratgeber-news\/wp-content\/uploads\/2013\/02\/baby-im-tragetuch.png\" \/>\n\t<meta property=\"og:image:width\" content=\"384\" \/>\n\t<meta property=\"og:image:height\" content=\"513\" \/>\n\t<meta property=\"og:image:type\" content=\"image\/png\" \/>\n<meta name=\"author\" content=\"Lea Himmel\" \/>\n<meta name=\"twitter:label1\" content=\"Verfasst von\" \/>\n\t<meta name=\"twitter:data1\" content=\"Lea Himmel\" \/>\n\t<meta name=\"twitter:label2\" content=\"Gesch\u00e4tzte Lesezeit\" \/>\n\t<meta name=\"twitter:data2\" content=\"5\u00a0Minuten\" \/>\n<script type=\"application\/ld+json\" class=\"yoast-schema-graph\">{\"@context\":\"https:\\\/\\\/schema.org\",\"@graph\":[{\"@type\":\"Article\",\"@id\":\"https:\\\/\\\/www.eltern-forum.at\\\/ratgeber-news\\\/immer-in-kontakt-bleiben-babys-tragen\\\/#article\",\"isPartOf\":{\"@id\":\"https:\\\/\\\/www.eltern-forum.at\\\/ratgeber-news\\\/immer-in-kontakt-bleiben-babys-tragen\\\/\"},\"author\":{\"name\":\"Lea Himmel\",\"@id\":\"https:\\\/\\\/www.eltern-forum.at\\\/ratgeber-news\\\/#\\\/schema\\\/person\\\/0aa87ae35513ed5ac527b597339d87aa\"},\"headline\":\"Immer in Kontakt bleiben &#8211; Babys tragen\",\"datePublished\":\"2023-02-13T11:14:12+00:00\",\"dateModified\":\"2023-02-13T11:15:18+00:00\",\"mainEntityOfPage\":{\"@id\":\"https:\\\/\\\/www.eltern-forum.at\\\/ratgeber-news\\\/immer-in-kontakt-bleiben-babys-tragen\\\/\"},\"wordCount\":919,\"commentCount\":0,\"publisher\":{\"@id\":\"https:\\\/\\\/www.eltern-forum.at\\\/ratgeber-news\\\/#organization\"},\"image\":{\"@id\":\"https:\\\/\\\/www.eltern-forum.at\\\/ratgeber-news\\\/immer-in-kontakt-bleiben-babys-tragen\\\/#primaryimage\"},\"thumbnailUrl\":\"https:\\\/\\\/www.eltern-forum.at\\\/ratgeber-news\\\/wp-content\\\/uploads\\\/2013\\\/02\\\/baby-im-tragetuch.png\",\"articleSection\":{\"1\":\"Baby- und Kinderratgeber\"},\"inLanguage\":\"de\",\"potentialAction\":[{\"@type\":\"CommentAction\",\"name\":\"Comment\",\"target\":[\"https:\\\/\\\/www.eltern-forum.at\\\/ratgeber-news\\\/immer-in-kontakt-bleiben-babys-tragen\\\/#respond\"]}]},{\"@type\":\"WebPage\",\"@id\":\"https:\\\/\\\/www.eltern-forum.at\\\/ratgeber-news\\\/immer-in-kontakt-bleiben-babys-tragen\\\/\",\"url\":\"https:\\\/\\\/www.eltern-forum.at\\\/ratgeber-news\\\/immer-in-kontakt-bleiben-babys-tragen\\\/\",\"name\":\"Babys tragen - Tragetuch Ratgeber - immer in Kontakt bleiben\",\"isPartOf\":{\"@id\":\"https:\\\/\\\/www.eltern-forum.at\\\/ratgeber-news\\\/#website\"},\"primaryImageOfPage\":{\"@id\":\"https:\\\/\\\/www.eltern-forum.at\\\/ratgeber-news\\\/immer-in-kontakt-bleiben-babys-tragen\\\/#primaryimage\"},\"image\":{\"@id\":\"https:\\\/\\\/www.eltern-forum.at\\\/ratgeber-news\\\/immer-in-kontakt-bleiben-babys-tragen\\\/#primaryimage\"},\"thumbnailUrl\":\"https:\\\/\\\/www.eltern-forum.at\\\/ratgeber-news\\\/wp-content\\\/uploads\\\/2013\\\/02\\\/baby-im-tragetuch.png\",\"datePublished\":\"2023-02-13T11:14:12+00:00\",\"dateModified\":\"2023-02-13T11:15:18+00:00\",\"description\":\"Vorteile und M\u00f6glichkeiten, das Baby zu Tragen finden sie in diesem Artikel. Welche Tragem\u00f6glichkeiten gibt es? Jetzt Informieren!\",\"inLanguage\":\"de\",\"potentialAction\":[{\"@type\":\"ReadAction\",\"target\":[\"https:\\\/\\\/www.eltern-forum.at\\\/ratgeber-news\\\/immer-in-kontakt-bleiben-babys-tragen\\\/\"]}]},{\"@type\":\"ImageObject\",\"inLanguage\":\"de\",\"@id\":\"https:\\\/\\\/www.eltern-forum.at\\\/ratgeber-news\\\/immer-in-kontakt-bleiben-babys-tragen\\\/#primaryimage\",\"url\":\"https:\\\/\\\/www.eltern-forum.at\\\/ratgeber-news\\\/wp-content\\\/uploads\\\/2013\\\/02\\\/baby-im-tragetuch.png\",\"contentUrl\":\"https:\\\/\\\/www.eltern-forum.at\\\/ratgeber-news\\\/wp-content\\\/uploads\\\/2013\\\/02\\\/baby-im-tragetuch.png\",\"width\":384,\"height\":513},{\"@type\":\"WebSite\",\"@id\":\"https:\\\/\\\/www.eltern-forum.at\\\/ratgeber-news\\\/#website\",\"url\":\"https:\\\/\\\/www.eltern-forum.at\\\/ratgeber-news\\\/\",\"name\":\"Eltern Ratgeber News\",\"description\":\"ein Projekt von eltern-forum.at\",\"publisher\":{\"@id\":\"https:\\\/\\\/www.eltern-forum.at\\\/ratgeber-news\\\/#organization\"},\"potentialAction\":[{\"@type\":\"SearchAction\",\"target\":{\"@type\":\"EntryPoint\",\"urlTemplate\":\"https:\\\/\\\/www.eltern-forum.at\\\/ratgeber-news\\\/?s={search_term_string}\"},\"query-input\":{\"@type\":\"PropertyValueSpecification\",\"valueRequired\":true,\"valueName\":\"search_term_string\"}}],\"inLanguage\":\"de\"},{\"@type\":\"Organization\",\"@id\":\"https:\\\/\\\/www.eltern-forum.at\\\/ratgeber-news\\\/#organization\",\"name\":\"Eltern Ratgeber News\",\"url\":\"https:\\\/\\\/www.eltern-forum.at\\\/ratgeber-news\\\/\",\"logo\":{\"@type\":\"ImageObject\",\"inLanguage\":\"de\",\"@id\":\"https:\\\/\\\/www.eltern-forum.at\\\/ratgeber-news\\\/#\\\/schema\\\/logo\\\/image\\\/\",\"url\":\"https:\\\/\\\/www.eltern-forum.at\\\/ratgeber-news\\\/wp-content\\\/uploads\\\/2022\\\/12\\\/eltern-forum-logo.svg\",\"contentUrl\":\"https:\\\/\\\/www.eltern-forum.at\\\/ratgeber-news\\\/wp-content\\\/uploads\\\/2022\\\/12\\\/eltern-forum-logo.svg\",\"width\":350,\"height\":80,\"caption\":\"Eltern Ratgeber News\"},\"image\":{\"@id\":\"https:\\\/\\\/www.eltern-forum.at\\\/ratgeber-news\\\/#\\\/schema\\\/logo\\\/image\\\/\"}},{\"@type\":\"Person\",\"@id\":\"https:\\\/\\\/www.eltern-forum.at\\\/ratgeber-news\\\/#\\\/schema\\\/person\\\/0aa87ae35513ed5ac527b597339d87aa\",\"name\":\"Lea Himmel\",\"description\":\"Seit meiner ersten Schwangerschaft besch\u00e4ftige ich mich mit vielen Fragen rund ums Eltern-werden. Ich habe das eltern-forum.at im Jahr 2005 zum Informationsaustausch gegr\u00fcndet. Ich als zweifache Mami und meine Freundinnen und Freunde berichten hier \u00fcber Erfahrungen.\",\"url\":\"https:\\\/\\\/www.eltern-forum.at\\\/ratgeber-news\\\/author\\\/mediennetzwerk\\\/\"}]}<\/script>\n<!-- \/ Yoast SEO plugin. -->","yoast_head_json":{"title":"Babys tragen - Tragetuch Ratgeber - immer in Kontakt bleiben","description":"Vorteile und M\u00f6glichkeiten, das Baby zu Tragen finden sie in diesem Artikel. Welche Tragem\u00f6glichkeiten gibt es? Jetzt Informieren!","robots":{"index":"index","follow":"follow","max-snippet":"max-snippet:-1","max-image-preview":"max-image-preview:large","max-video-preview":"max-video-preview:-1"},"canonical":"https:\/\/www.eltern-forum.at\/ratgeber-news\/immer-in-kontakt-bleiben-babys-tragen\/","og_locale":"de_DE","og_type":"article","og_title":"Babys tragen - Tragetuch Ratgeber - immer in Kontakt bleiben","og_description":"Vorteile und M\u00f6glichkeiten, das Baby zu Tragen finden sie in diesem Artikel. Welche Tragem\u00f6glichkeiten gibt es? Jetzt Informieren!","og_url":"https:\/\/www.eltern-forum.at\/ratgeber-news\/immer-in-kontakt-bleiben-babys-tragen\/","og_site_name":"Eltern Ratgeber News","article_published_time":"2023-02-13T11:14:12+00:00","article_modified_time":"2023-02-13T11:15:18+00:00","og_image":[{"width":384,"height":513,"url":"https:\/\/www.eltern-forum.at\/ratgeber-news\/wp-content\/uploads\/2013\/02\/baby-im-tragetuch.png","type":"image\/png"}],"author":"Lea Himmel","twitter_misc":{"Verfasst von":"Lea Himmel","Gesch\u00e4tzte Lesezeit":"5\u00a0Minuten"},"schema":{"@context":"https:\/\/schema.org","@graph":[{"@type":"Article","@id":"https:\/\/www.eltern-forum.at\/ratgeber-news\/immer-in-kontakt-bleiben-babys-tragen\/#article","isPartOf":{"@id":"https:\/\/www.eltern-forum.at\/ratgeber-news\/immer-in-kontakt-bleiben-babys-tragen\/"},"author":{"name":"Lea Himmel","@id":"https:\/\/www.eltern-forum.at\/ratgeber-news\/#\/schema\/person\/0aa87ae35513ed5ac527b597339d87aa"},"headline":"Immer in Kontakt bleiben &#8211; Babys tragen","datePublished":"2023-02-13T11:14:12+00:00","dateModified":"2023-02-13T11:15:18+00:00","mainEntityOfPage":{"@id":"https:\/\/www.eltern-forum.at\/ratgeber-news\/immer-in-kontakt-bleiben-babys-tragen\/"},"wordCount":919,"commentCount":0,"publisher":{"@id":"https:\/\/www.eltern-forum.at\/ratgeber-news\/#organization"},"image":{"@id":"https:\/\/www.eltern-forum.at\/ratgeber-news\/immer-in-kontakt-bleiben-babys-tragen\/#primaryimage"},"thumbnailUrl":"https:\/\/www.eltern-forum.at\/ratgeber-news\/wp-content\/uploads\/2013\/02\/baby-im-tragetuch.png","articleSection":{"1":"Baby- und Kinderratgeber"},"inLanguage":"de","potentialAction":[{"@type":"CommentAction","name":"Comment","target":["https:\/\/www.eltern-forum.at\/ratgeber-news\/immer-in-kontakt-bleiben-babys-tragen\/#respond"]}]},{"@type":"WebPage","@id":"https:\/\/www.eltern-forum.at\/ratgeber-news\/immer-in-kontakt-bleiben-babys-tragen\/","url":"https:\/\/www.eltern-forum.at\/ratgeber-news\/immer-in-kontakt-bleiben-babys-tragen\/","name":"Babys tragen - Tragetuch Ratgeber - immer in Kontakt bleiben","isPartOf":{"@id":"https:\/\/www.eltern-forum.at\/ratgeber-news\/#website"},"primaryImageOfPage":{"@id":"https:\/\/www.eltern-forum.at\/ratgeber-news\/immer-in-kontakt-bleiben-babys-tragen\/#primaryimage"},"image":{"@id":"https:\/\/www.eltern-forum.at\/ratgeber-news\/immer-in-kontakt-bleiben-babys-tragen\/#primaryimage"},"thumbnailUrl":"https:\/\/www.eltern-forum.at\/ratgeber-news\/wp-content\/uploads\/2013\/02\/baby-im-tragetuch.png","datePublished":"2023-02-13T11:14:12+00:00","dateModified":"2023-02-13T11:15:18+00:00","description":"Vorteile und M\u00f6glichkeiten, das Baby zu Tragen finden sie in diesem Artikel. Welche Tragem\u00f6glichkeiten gibt es? Jetzt Informieren!","inLanguage":"de","potentialAction":[{"@type":"ReadAction","target":["https:\/\/www.eltern-forum.at\/ratgeber-news\/immer-in-kontakt-bleiben-babys-tragen\/"]}]},{"@type":"ImageObject","inLanguage":"de","@id":"https:\/\/www.eltern-forum.at\/ratgeber-news\/immer-in-kontakt-bleiben-babys-tragen\/#primaryimage","url":"https:\/\/www.eltern-forum.at\/ratgeber-news\/wp-content\/uploads\/2013\/02\/baby-im-tragetuch.png","contentUrl":"https:\/\/www.eltern-forum.at\/ratgeber-news\/wp-content\/uploads\/2013\/02\/baby-im-tragetuch.png","width":384,"height":513},{"@type":"WebSite","@id":"https:\/\/www.eltern-forum.at\/ratgeber-news\/#website","url":"https:\/\/www.eltern-forum.at\/ratgeber-news\/","name":"Eltern Ratgeber News","description":"ein Projekt von eltern-forum.at","publisher":{"@id":"https:\/\/www.eltern-forum.at\/ratgeber-news\/#organization"},"potentialAction":[{"@type":"SearchAction","target":{"@type":"EntryPoint","urlTemplate":"https:\/\/www.eltern-forum.at\/ratgeber-news\/?s={search_term_string}"},"query-input":{"@type":"PropertyValueSpecification","valueRequired":true,"valueName":"search_term_string"}}],"inLanguage":"de"},{"@type":"Organization","@id":"https:\/\/www.eltern-forum.at\/ratgeber-news\/#organization","name":"Eltern Ratgeber News","url":"https:\/\/www.eltern-forum.at\/ratgeber-news\/","logo":{"@type":"ImageObject","inLanguage":"de","@id":"https:\/\/www.eltern-forum.at\/ratgeber-news\/#\/schema\/logo\/image\/","url":"https:\/\/www.eltern-forum.at\/ratgeber-news\/wp-content\/uploads\/2022\/12\/eltern-forum-logo.svg","contentUrl":"https:\/\/www.eltern-forum.at\/ratgeber-news\/wp-content\/uploads\/2022\/12\/eltern-forum-logo.svg","width":350,"height":80,"caption":"Eltern Ratgeber News"},"image":{"@id":"https:\/\/www.eltern-forum.at\/ratgeber-news\/#\/schema\/logo\/image\/"}},{"@type":"Person","@id":"https:\/\/www.eltern-forum.at\/ratgeber-news\/#\/schema\/person\/0aa87ae35513ed5ac527b597339d87aa","name":"Lea Himmel","description":"Seit meiner ersten Schwangerschaft besch\u00e4ftige ich mich mit vielen Fragen rund ums Eltern-werden. Ich habe das eltern-forum.at im Jahr 2005 zum Informationsaustausch gegr\u00fcndet. Ich als zweifache Mami und meine Freundinnen und Freunde berichten hier \u00fcber Erfahrungen.","url":"https:\/\/www.eltern-forum.at\/ratgeber-news\/author\/mediennetzwerk\/"}]}},"taxonomy_info":{"category":[{"value":1,"label":"Allgemein"},{"value":7,"label":"Baby- und Kinderratgeber"}]},"featured_image_src_large":["https:\/\/www.eltern-forum.at\/ratgeber-news\/wp-content\/uploads\/2013\/02\/baby-im-tragetuch.png",384,513,false],"author_info":{"display_name":"Lea Himmel","author_link":"https:\/\/www.eltern-forum.at\/ratgeber-news\/author\/mediennetzwerk\/"},"comment_info":2,"category_info":[{"term_id":1,"name":"Allgemein","slug":"allgemein","term_group":0,"term_taxonomy_id":1,"taxonomy":"category","description":"","parent":0,"count":33,"filter":"raw","cat_ID":1,"category_count":33,"category_description":"","cat_name":"Allgemein","category_nicename":"allgemein","category_parent":0},{"term_id":7,"name":"Baby- und Kinderratgeber","slug":"baby-und-kinderratgeber","term_group":0,"term_taxonomy_id":7,"taxonomy":"category","description":"In diesem Blog werden dir die wichtigsten Themen rund um Babys und Kinder von A bis Z erkl\u00e4rt.\r\n<h2>Alles \u00fcber Baby- und Kinder-Fragen im eltern-forum.at<\/h2>\r\nImmer wieder stellen sich Eltern neue Fragen und suchen nach Antworten auf ihre Probleme. Doch die Suche nach den richtigen Antworten f\u00fcr die interessantesten Themen im Baby- und Kinderratgeber kann sehr m\u00fchsam sein. Wir haben deshalb hier eine Liste mit den interessantesten Themen zusammengestellt, damit Sie schnell und einfach die passenden Antworten finden.\r\n<h3>Fragen und Antworten<\/h3>\r\nViele interessante Themen warten auf dich im Baby- und Kinderratgeber. Wenn du dich fragst, was du alles \u00fcber die erste Zeit mit deinem Baby wissen solltest, bist du hier genau richtig. Auch f\u00fcr die Kleinsten gibt es viele spannende Themen. Vom Schlafen lernen bis zur Ern\u00e4hrung findest du hier alles, was du \u00fcber die ersten Jahre des Lebens deines Kindes wissen solltest.","parent":0,"count":48,"filter":"raw","cat_ID":7,"category_count":48,"category_description":"In diesem Blog werden dir die wichtigsten Themen rund um Babys und Kinder von A bis Z erkl\u00e4rt.\r\n<h2>Alles \u00fcber Baby- und Kinder-Fragen im eltern-forum.at<\/h2>\r\nImmer wieder stellen sich Eltern neue Fragen und suchen nach Antworten auf ihre Probleme. Doch die Suche nach den richtigen Antworten f\u00fcr die interessantesten Themen im Baby- und Kinderratgeber kann sehr m\u00fchsam sein. Wir haben deshalb hier eine Liste mit den interessantesten Themen zusammengestellt, damit Sie schnell und einfach die passenden Antworten finden.\r\n<h3>Fragen und Antworten<\/h3>\r\nViele interessante Themen warten auf dich im Baby- und Kinderratgeber. Wenn du dich fragst, was du alles \u00fcber die erste Zeit mit deinem Baby wissen solltest, bist du hier genau richtig. Auch f\u00fcr die Kleinsten gibt es viele spannende Themen. Vom Schlafen lernen bis zur Ern\u00e4hrung findest du hier alles, was du \u00fcber die ersten Jahre des Lebens deines Kindes wissen solltest.","cat_name":"Baby- und Kinderratgeber","category_nicename":"baby-und-kinderratgeber","category_parent":0}],"tag_info":false,"_links":{"self":[{"href":"https:\/\/www.eltern-forum.at\/ratgeber-news\/wp-json\/wp\/v2\/posts\/30","targetHints":{"allow":["GET"]}}],"collection":[{"href":"https:\/\/www.eltern-forum.at\/ratgeber-news\/wp-json\/wp\/v2\/posts"}],"about":[{"href":"https:\/\/www.eltern-forum.at\/ratgeber-news\/wp-json\/wp\/v2\/types\/post"}],"author":[{"embeddable":true,"href":"https:\/\/www.eltern-forum.at\/ratgeber-news\/wp-json\/wp\/v2\/users\/3"}],"replies":[{"embeddable":true,"href":"https:\/\/www.eltern-forum.at\/ratgeber-news\/wp-json\/wp\/v2\/comments?post=30"}],"version-history":[{"count":3,"href":"https:\/\/www.eltern-forum.at\/ratgeber-news\/wp-json\/wp\/v2\/posts\/30\/revisions"}],"predecessor-version":[{"id":5041,"href":"https:\/\/www.eltern-forum.at\/ratgeber-news\/wp-json\/wp\/v2\/posts\/30\/revisions\/5041"}],"wp:featuredmedia":[{"embeddable":true,"href":"https:\/\/www.eltern-forum.at\/ratgeber-news\/wp-json\/wp\/v2\/media\/36"}],"wp:attachment":[{"href":"https:\/\/www.eltern-forum.at\/ratgeber-news\/wp-json\/wp\/v2\/media?parent=30"}],"wp:term":[{"taxonomy":"category","embeddable":true,"href":"https:\/\/www.eltern-forum.at\/ratgeber-news\/wp-json\/wp\/v2\/categories?post=30"},{"taxonomy":"post_tag","embeddable":true,"href":"https:\/\/www.eltern-forum.at\/ratgeber-news\/wp-json\/wp\/v2\/tags?post=30"}],"curies":[{"name":"wp","href":"https:\/\/api.w.org\/{rel}","templated":true}]}}