{"id":3420,"date":"2017-02-20T10:00:06","date_gmt":"2017-02-20T08:00:06","guid":{"rendered":"https:\/\/www.eltern-forum.at\/ratgeber-news\/?p=3420"},"modified":"2017-02-20T10:41:24","modified_gmt":"2017-02-20T08:41:24","slug":"vaeterkarenz","status":"publish","type":"post","link":"https:\/\/www.eltern-forum.at\/ratgeber-news\/vaeterkarenz\/","title":{"rendered":"V\u00e4terkarenz \u2013 Die Kinderbetreuung ist Aufgabe beider Elternteile"},"content":{"rendered":"<p>Die <strong>Kinderbetreuung<\/strong> hat in \u00d6sterreich eine lange Tradition und wird auch dementsprechend sozial abgesichert und unterst\u00fctzt. Um dieser Aufgabe in aller notwendigen Ruhe und im entsprechenden Ausma\u00df nachkommen zu k\u00f6nnen, wurde in \u00d6sterreich einerseits der Mutterschutz, andererseits aber nat\u00fcrlich auch die Karenz oder Elternkarenz ins Leben gerufen.<\/p>\n<p>Da in der Karenzzeit kein Beruf in vollem Umfang ausge\u00fcbt werden kann, bietet der Staat \u00d6sterreich einen <a href=\"https:\/\/www.eltern-forum.at\/ratgeber-news\/kindergeldkonto-ab-2017-kinderbetreuungsgeld-neu\/\">finanziellen Ausgleich in Form von Kinderbetreuungsgeld<\/a> an. Hinzu kommt die obligatorische <a href=\"https:\/\/www.eltern-forum.at\/ratgeber-news\/kinderbeihilfe-in-oesterreich\/\">Familienbeihilfe<\/a>.<\/p>\n<p><img decoding=\"async\" class=\"aligncenter size-voll wp-image-3439\" src=\"https:\/\/www.eltern-forum.at\/ratgeber-news\/wp-content\/uploads\/2017\/02\/gluecklicher-papa-mit-kind-750x283.jpg\" alt=\"\" width=\"750\" height=\"283\" srcset=\"https:\/\/www.eltern-forum.at\/ratgeber-news\/wp-content\/uploads\/2017\/02\/gluecklicher-papa-mit-kind.jpg 750w, https:\/\/www.eltern-forum.at\/ratgeber-news\/wp-content\/uploads\/2017\/02\/gluecklicher-papa-mit-kind-300x113.jpg 300w\" sizes=\"(max-width: 750px) 100vw, 750px\" \/><\/p>\n<p>Obwohl die<strong> Karenzzeiten beiden Elternteilen gleicherma\u00dfen zustehen<\/strong>, werden diese eher einseitig wahrgenommen. \u00dcberwiegend k\u00fcmmern sich Frauen um ihre Spr\u00f6sslinge, w\u00e4hrend deren V\u00e4ter weiterhin ihrem Job nachgehen. Meist ist dies \u00fcber finanzielle Interessen leicht zu begr\u00fcnden, allerdings sind auch tief verwurzelte Ideologien und Ansichten bez\u00fcglich des klassischen Familienbildes (Rolle Mutter und Vater im Familiengef\u00fcge) hierf\u00fcr ausschlaggebend. Allerdings scheinen diese durchaus konservativen Familienbilder nach und nach aufgebrochen zu werden, da auch vermehrt V\u00e4ter die Kinderbetreuung, die Karenzzeiten wahrnehmen wollen.<\/p>\n<p>Dieser Trend ist f\u00fcr uns Grund genug die <strong>V\u00e4terkarenz<\/strong> \/ <strong>Elternkarenz<\/strong>, sowie die <strong>V\u00e4terfr\u00fchkarenz<\/strong> etwas genauer zu beleuchten und unter Umst\u00e4nden auch den einen oder anderen unschl\u00fcssigen Vater (und werdenden Vater) von dieser verantwortungsvollen und beseelenden Aufgabe zu \u00fcberzeugen!<\/p>\n<h2>V\u00e4terkarenz \u2013 M\u00fctterkarenz \u2013 Elternkarenz<\/h2>\n<p><img decoding=\"async\" class=\"alignright size-full wp-image-3441\" src=\"https:\/\/www.eltern-forum.at\/ratgeber-news\/wp-content\/uploads\/2017\/02\/papa-gibt-baby-flaeschchen.jpg\" alt=\"\" width=\"350\" height=\"468\" srcset=\"https:\/\/www.eltern-forum.at\/ratgeber-news\/wp-content\/uploads\/2017\/02\/papa-gibt-baby-flaeschchen.jpg 350w, https:\/\/www.eltern-forum.at\/ratgeber-news\/wp-content\/uploads\/2017\/02\/papa-gibt-baby-flaeschchen-224x300.jpg 224w\" sizes=\"(max-width: 350px) 100vw, 350px\" \/>Im Grunde genommen ist der Begriff V\u00e4terkarenz ein wenig irref\u00fchrend, da explizit auch nicht im Umkehrschluss von der M\u00fctterkarenz gesprochen wird. Dass die Mutter zuhause bei ihrem S\u00e4ugling und Kind bleibt und dieses betreut, ist in \u00d6sterreich ein zur Gewohnheit gewordener Standard \u2013 aus diesem Grund wird meist auch nicht mehr zwischen den Begriffen Karenz und M\u00fctterkarenz unterschieden, sondern diese werden in ihrer Bedeutung gleichgesetzt.<\/p>\n<p>Ganz allgemein haben in \u00d6sterreich nat\u00fcrlich beide Elternteile ein Anrecht auf Karenz, sodass in diesem Zusammenhang der Begriff Elternkarenz angebracht ist und auch verwendet wird. Mutter und Vater k\u00f6nnen im Wechsel die gesetzlich geregelte Karenzzeit n\u00fctzen und untereinander aufteilen, ein Wechsel der Betreuungszeiten ist insgesamt zweimal m\u00f6glich. Somit ergeben sich hieraus maximal drei Betreuungsbl\u00f6cke.<\/p>\n<p><strong>Achtung:<\/strong> Ab und an kann auch ein weiterer Wechsel stattfinden, etwa bei Sonderf\u00e4llen wie Erkrankungen oder Unf\u00e4llen (Verhinderungskarenz)!<\/p>\n<h3>Wer hat Anspruch auf V\u00e4terkarenz<\/h3>\n<p>Um als Mann, als werdender Vater die Karenzzeit in Anspruch nehmen zu k\u00f6nnen, m\u00fcssen folgende Nachweise erbracht werden:<\/p>\n<ul class=\"checklist\">\n<li>Gemeinsamer Haushalt und Hauptwohnsitz mit dem Kind<\/li>\n<li>Mutter nimmt nicht gleichzeitig die Karenz in Anspruch (Ausnahme erster Wechsel der Karenzzeit f\u00fcr einen Monat)<\/li>\n<li>Nicht parallel zur Elternteilzeit der Mutter m\u00f6glich<\/li>\n<li>Unterlagen die belegen, dass es sich um den Adoptiv- oder Pflegevater handelt<\/li>\n<\/ul>\n<p>Des Weiteren ist der Karenzanspruch den folgenden Personengruppen (hinsichtlich ihrer Besch\u00e4ftigung), vorenthalten:<\/p>\n<ul class=\"checklist\">\n<li>Arbeitnehmer<\/li>\n<li>Heimarbeiter<\/li>\n<li>Beamte und Vertragsbedienstete des Bundes und der L\u00e4nder<\/li>\n<li>Lehrlinge<\/li>\n<\/ul>\n<p><strong>Achtung:<\/strong> Freie Dienstnehmer haben keinen Anspruch auf Karenz! Auch f\u00fcr Selbstst\u00e4ndige und Unternehmer gelten andere Regelungen!<\/p>\n<h2>Dauer und Beginn der Karenzzeit<\/h2>\n<p>Die gesetzlich zugesicherte Karenzzeit betr\u00e4gt in \u00d6sterreich knapp zwei Jahre. Diese beginnt mit dem Auslaufen der Schutzzeit (meist acht Wochen nach der Geburt) und endet mit dem zweiten Geburtstag des jeweiligen Kindes. Allerdings handelt es sich hierbei nur um eine Art zeitlichen Rahmen, denn die Karenzzeit kann nat\u00fcrlich auch k\u00fcrzer gew\u00e4hlt werden.<\/p>\n<p><img decoding=\"async\" class=\"aligncenter size-voll wp-image-3442\" src=\"https:\/\/www.eltern-forum.at\/ratgeber-news\/wp-content\/uploads\/2017\/02\/vater-und-baby-750x326.jpg\" alt=\"\" width=\"750\" height=\"326\" srcset=\"https:\/\/www.eltern-forum.at\/ratgeber-news\/wp-content\/uploads\/2017\/02\/vater-und-baby.jpg 750w, https:\/\/www.eltern-forum.at\/ratgeber-news\/wp-content\/uploads\/2017\/02\/vater-und-baby-300x130.jpg 300w\" sizes=\"(max-width: 750px) 100vw, 750px\" \/><\/p>\n<p>Meist l\u00e4uft die Karenzzeit zusammen mit dem <a href=\"https:\/\/www.eltern-forum.at\/ratgeber-news\/kindergeldkonto-ab-2017-kinderbetreuungsgeld-neu\/\">gew\u00e4hlten Kinderbetreuungsgeldmodell<\/a> aus. Das bedeutet, dass Eltern sich in der Regel auf eine bestimmte Zeitspanne festlegen, in der Sie Kinderbetreuungsgeld beziehen m\u00f6chten und somit die Karenzzeit \u00fcber denselben Zeitrahmen hinweg beantragen.<\/p>\n<p class=\"tipp\"><strong>Wichtig:<\/strong> Die gesetzlich vereinbarte Karenzzeit von zwei Jahren kann auch \u00fcberschritten werden, gleich wie das Kinderbetreuungsgeld bis zu drei Jahre lang bezogen werden kann. Allerdings muss hierbei eine \u00dcbereinkunft mit dem jeweiligen Dienstgeber \/ der jeweiligen Dienstgeberin getroffen werden, im Idealfall mit einer schriftlichen Zusage, dass ein K\u00fcndigungs- und Entlassungsschutz weiterhin besteht!<\/p>\n<h3>Meldefristen f\u00fcr V\u00e4ter<\/h3>\n<p>Damit Sie auch als Vater die Elternkarenz oder V\u00e4terkarenz wahrnehmen k\u00f6nnen, m\u00fcssen Sie gewisse Meldefristen beachten. Diese sind sehr wichtig, da ansonsten Ihr Anspruch auf Karenz verf\u00e4llt. F\u00fcr V\u00e4ter gelten insbesondere folgende Meldefristen, die sich nach dem Eintrittszeitpunkt in die V\u00e4terkarenz richten:<\/p>\n<ul class=\"checklist\">\n<li>Beginn der Karenz nach Ablauf der Schutzfrist der Mutter: Bekanntgabe der Karenz bis sp\u00e4testens 8 Wochen nach der Geburt des Kindes.<\/li>\n<li>Vater l\u00f6st die Mutter ab \u2013 Wechsel: Fr\u00fchestens vier Monate vor Beginn der Karenz, sp\u00e4testens drei Monate vor dem Karenzwechsel.<\/li>\n<li>Frist f\u00fcr eine Karenzverl\u00e4ngerung: Ebenfalls sp\u00e4testens drei Monate vor Ablauf der derzeit vereinbarten Karenz. Sollte die Karenzzeit k\u00fcrzer sein als drei Monate, l\u00e4uft die Frist zwei Monate vor Karenzzeitende aus.<\/li>\n<\/ul>\n<p><strong>Tipp:<\/strong> Die Arbeiterkammer empfiehlt, auch wenn es klare Rechtsgrundlagen zum Thema Karenz \/ V\u00e4terkarenz in \u00d6sterreich gibt, die Meldungen einerseits schriftlich und in Form eines Einschreibens abzusenden und andererseits alle Vereinbarungen mit dem Dienstgeber \/ der Dienstgeberin schriftlich zu vereinbaren und zu dokumentieren!<\/p>\n<h2>Ablauf der V\u00e4terkarenz<\/h2>\n<p>Im Grunde genommen unterscheidet sich die V\u00e4terkarenz nicht von der Elternkarenz oder der M\u00fctterkarenz. Somit k\u00f6nnen Sie als Vater einerseits im Wechsel mit Ihrer Frau \/ Partnerin die Karenzzeit in Anspruch nehmen, zu maximal drei Bl\u00f6cken mit jeweils mindestens zwei Monaten Laufzeit, andererseits steht es Ihnen aber auch frei, die gesamte Karenzzeit allein zu konsumieren.<\/p>\n<p><img decoding=\"async\" class=\"alignleft size-full wp-image-3440\" src=\"https:\/\/www.eltern-forum.at\/ratgeber-news\/wp-content\/uploads\/2017\/02\/papa-fuettert-baby.jpg\" alt=\"\" width=\"350\" height=\"468\" srcset=\"https:\/\/www.eltern-forum.at\/ratgeber-news\/wp-content\/uploads\/2017\/02\/papa-fuettert-baby.jpg 350w, https:\/\/www.eltern-forum.at\/ratgeber-news\/wp-content\/uploads\/2017\/02\/papa-fuettert-baby-224x300.jpg 224w\" sizes=\"(max-width: 350px) 100vw, 350px\" \/>Sollten Sie sich f\u00fcr wechselnde Karenzzeiten entscheiden, stellt der erste Wechsel eine Sonderform dar. Hier k\u00f6nnen Sie wahlweise einen <strong>Monat lang zusammen<\/strong> mit der Mutter die Karenz und auch das Kinderbetreuungsgeld (Doppelbezug) in Anspruch nehmen. Dieser eine Monat wird am <strong>Ende von der Gesamtzeit abgezogen<\/strong>, sodass sich die Karenzzeit auf 23 anstelle von 24 Monaten verk\u00fcrzt. Mit dieser Ma\u00dfnahme soll der erste Wechsel, die gro\u00dfe Umstellung f\u00fcr die gesamte Familie flie\u00dfender und leichter gestaltet werden.<\/p>\n<p>Wichtig ist in jedem Fall, dass Sie die jeweiligen Meldefristen nicht \u00fcbersehen und sich auch mit den entsprechenden Konsequenzen (Versicherung, Anrechnungszeiten \u2013 <a href=\"https:\/\/www.eltern-forum.at\/ratgeber-news\/mutterschutz-karenz\/\">siehe Beitrag Mutterschutz und Karenz<\/a>) auseinandersetzen. Es gibt einige Berichte, dass speziell auch M\u00e4nner \/ V\u00e4ter am Arbeitsplatz diskriminiert werden, weil diese die V\u00e4terkarenz wahrnehmen m\u00f6chten. Dazu z\u00e4hlen nicht nur K\u00fcndigungen, sondern nat\u00fcrlich auch verschlechternde Versetzungen.<\/p>\n<p class=\"tipp\">Tipp: Wen Sie als Vater von einer Diskriminierung am Arbeitsplatz, resultierend aus einer V\u00e4terkarenz, betroffen sind, bietet die Gleichbehandlungsanwaltschaft (<a href=\"http:\/\/www.gleichbehandlungsanwaltschaft.at\/site\/6431\/default.aspx\" target=\"_blank\">http:\/\/www.gleichbehandlungsanwaltschaft.at\/site\/6431\/default.aspx<\/a>) ihre Beratung und Unterst\u00fctzung an!<\/p>\n<h3>Schutzbestimmungen<\/h3>\n<p><img decoding=\"async\" class=\"alignright size-full wp-image-3438\" src=\"https:\/\/www.eltern-forum.at\/ratgeber-news\/wp-content\/uploads\/2017\/02\/familie-baby.jpg\" alt=\"\" width=\"350\" height=\"391\" srcset=\"https:\/\/www.eltern-forum.at\/ratgeber-news\/wp-content\/uploads\/2017\/02\/familie-baby.jpg 350w, https:\/\/www.eltern-forum.at\/ratgeber-news\/wp-content\/uploads\/2017\/02\/familie-baby-269x300.jpg 269w\" sizes=\"(max-width: 350px) 100vw, 350px\" \/>Da die V\u00e4terkarenz bzw. Elternkarenz gesetzlich klar geregelt ist und Ihnen als Vater dieser Anspruch auch zusteht, genie\u00dfen Sie in dieser Zeit auch besonderen Schutz und haben Anspruch auf eine finanzielle Unterst\u00fctzung (Kinderbetreuungsgeld). Der wohl wichtigste Punkt ist jener, dass Sie w\u00e4hrend der beantragten und fristgerecht gemeldeten Karenzzeit weder entlassen noch gek\u00fcndigt werden d\u00fcrfen.<\/p>\n<p>Dieser K\u00fcndigungs- und Entlassungsschutz beginnt mit der Bekanntgabe der Karenz, fr\u00fchestens aber vier Monate vor Karenzantritt, und endet vier Wochen nach dem Ende Ihrer Karenzzeit, also sp\u00e4testens vier Wochen nach dem zweiten Geburtstag Ihres Kindes.<\/p>\n<p>Dar\u00fcber hinaus gelten auch f\u00fcr V\u00e4ter die folgenden Punkte (vgl. <a href=\"https:\/\/www.eltern-forum.at\/ratgeber-news\/mutterschutz-karenz\/\">Mutterschutz und Karenz<\/a>):<\/p>\n<ul class=\"checklist\">\n<li>Ber\u00fccksichtigung der Karenzzeit in der Abfertigung Neu<\/li>\n<li>Kranken- und Pensionsversicherung<\/li>\n<li>Besch\u00e4ftigung unter der monatlichen Geringf\u00fcgigkeitsgrenze<\/li>\n<\/ul>\n<h2>Papamonat (Die V\u00e4terfr\u00fchkarenz)<\/h2>\n<p>Die V\u00e4terkarenz sollte auch nicht mit der sogenannten <strong>V\u00e4terfr\u00fchkarenz<\/strong> verwechselt werden, die in drei verschiedenen Modellen angeboten wird. Grunds\u00e4tzlich handelt es sich hierbei um eine M\u00f6glichkeit f\u00fcr V\u00e4ter, innerhalb der ersten zwei Monate (Mutterschutz) maximal vier Wochen lang unbezahlt Zeit zuhause mit Mutter und Kind zu verbringen. Diese Phase, die ersten Lebenswochen des Neugeboren, ist gepr\u00e4gt von Umstellungen und gro\u00dfen, neuen Eindr\u00fccken, die auch V\u00e4ter in Ruhe und in vollem Umfang genie\u00dfen k\u00f6nnen sollten.<\/p>\n<p>Folgende drei Modelle sind m\u00f6glich:<\/p>\n<ul class=\"checklist\">\n<li><strong>V\u00e4terfr\u00fchkarenz im \u00f6ffentlichen Dienst<\/strong> (Burgendland, Wien, Tirol, Vorarlberg, Steiermark, Ober\u00f6sterreich, Nieder\u00f6sterreich) f\u00fcr maximal vier Wochen, unbezahlt in der Zeit des Mutterschutzes.<\/li>\n<li><strong>V\u00e4terfr\u00fchkarenz im Kollektivvertrag<\/strong> \u2013 hier gibt es unterschiedliche Regelungen, zum Teil auch mit bezahlten Papamonat.<\/li>\n<li><strong>Unbezahlter Urlaub \/ Vereinbarte Karenz<\/strong> \u2013 Zustimmung des Dienstgebers \/ der Dienstgeberin erforderlich.<\/li>\n<\/ul>\n<p>Tipp: Dar\u00fcber hinaus sieht die neue Regelung des Kinderbetreuungsgeldes, das mit 1.3.2017 in Kraft getretene Kindergeldkonto Neu, ebenfalls einen Papamonat (zwischen 28 \u2013 31 Tage) vor, allerdings mit einer entsprechenden finanziellen Entsch\u00e4digung. Diese betr\u00e4gt 700 \u20ac &#8211; die entsprechenden Details entnehmen Sie unserm Beitrag zum Kinderbetreuungsgeldkonto Neu.<\/p>\n<h3>Fazit zur V\u00e4terkarenz:<\/h3>\n<p>Leider wird die V\u00e4terkarenz in \u00d6sterreich nicht in dem Ausma\u00df wahrgenommen, wie es f\u00fcr eine gleichberechtigte Gesellschaft w\u00fcnschenswert w\u00e4re. Zwar gibt es auch im Kinderbetreuungsgeldkonto Neu durchaus ambitionierte Versuche, Anreize f\u00fcr eine V\u00e4terkarenz zu schaffen, letztendlich werden wohl aber auch diese kaum zu einer gro\u00dfartigen \u00c4nderung der aktuellen Situation f\u00fchren. Nat\u00fcrlich w\u00e4re es im Sinne der Familie, der Gleichberechtigung und der Chancenfairness w\u00fcnschenswert, wenn verst\u00e4rkt und vermehrt auch V\u00e4ter die Karenzzeiten in Anspruch nehmen w\u00fcrden \u2013 am Ende des Tages m\u00fcssen aber viele Familien auf das Einkommen achten und Wert legen und dieses bedeutet h\u00e4ufig, dass nur der Mutter die Karenzzeiten in Anspruch nehmen kann und wird!<\/p>\n","protected":false},"excerpt":{"rendered":"<p>Die Kinderbetreuung hat in \u00d6sterreich eine lange Tradition und wird auch dementsprechend sozial abgesichert und unterst\u00fctzt. Um dieser Aufgabe in aller notwendigen Ruhe und&#8230;<\/p>\n","protected":false},"author":3,"featured_media":3442,"comment_status":"open","ping_status":"open","sticky":false,"template":"","format":"standard","meta":{"inline_featured_image":false,"_kad_blocks_custom_css":"","_kad_blocks_head_custom_js":"","_kad_blocks_body_custom_js":"","_kad_blocks_footer_custom_js":"","_kad_post_transparent":"","_kad_post_title":"","_kad_post_layout":"","_kad_post_sidebar_id":"","_kad_post_content_style":"","_kad_post_vertical_padding":"","_kad_post_feature":"","_kad_post_feature_position":"","_kad_post_header":false,"_kad_post_footer":false,"_kad_post_classname":"","footnotes":""},"categories":[1],"tags":[],"class_list":["post-3420","post","type-post","status-publish","format-standard","has-post-thumbnail","hentry","category-allgemein"],"yoast_head":"<!-- This site is optimized with the Yoast SEO plugin v27.4 - https:\/\/yoast.com\/product\/yoast-seo-wordpress\/ -->\n<title>V\u00e4terkarenz und Papamonat - Alle Infos<\/title>\n<meta name=\"description\" content=\"Alles was sie \u00fcber die V\u00e4terkarenz und den Papamonat wissen m\u00fcssen - jetzt im Ratgeber alle Infos!\" \/>\n<meta name=\"robots\" content=\"index, follow, max-snippet:-1, max-image-preview:large, max-video-preview:-1\" \/>\n<link rel=\"canonical\" href=\"https:\/\/www.eltern-forum.at\/ratgeber-news\/vaeterkarenz\/\" \/>\n<meta property=\"og:locale\" content=\"de_DE\" \/>\n<meta property=\"og:type\" content=\"article\" \/>\n<meta property=\"og:title\" content=\"V\u00e4terkarenz und Papamonat - Alle Infos\" \/>\n<meta property=\"og:description\" content=\"Alles was sie \u00fcber die V\u00e4terkarenz und den Papamonat wissen m\u00fcssen - jetzt im Ratgeber alle Infos!\" \/>\n<meta property=\"og:url\" content=\"https:\/\/www.eltern-forum.at\/ratgeber-news\/vaeterkarenz\/\" \/>\n<meta property=\"og:site_name\" content=\"Eltern Ratgeber News\" \/>\n<meta property=\"article:published_time\" content=\"2017-02-20T08:00:06+00:00\" \/>\n<meta property=\"article:modified_time\" content=\"2017-02-20T08:41:24+00:00\" \/>\n<meta property=\"og:image\" content=\"https:\/\/www.eltern-forum.at\/ratgeber-news\/wp-content\/uploads\/2017\/02\/vater-und-baby.jpg\" \/>\n\t<meta property=\"og:image:width\" content=\"750\" \/>\n\t<meta property=\"og:image:height\" content=\"326\" \/>\n\t<meta property=\"og:image:type\" content=\"image\/jpeg\" \/>\n<meta name=\"author\" content=\"Lea Himmel\" \/>\n<meta name=\"twitter:label1\" content=\"Verfasst von\" \/>\n\t<meta name=\"twitter:data1\" content=\"Lea Himmel\" \/>\n\t<meta name=\"twitter:label2\" content=\"Gesch\u00e4tzte Lesezeit\" \/>\n\t<meta name=\"twitter:data2\" content=\"7\u00a0Minuten\" \/>\n<script type=\"application\/ld+json\" class=\"yoast-schema-graph\">{\"@context\":\"https:\\\/\\\/schema.org\",\"@graph\":[{\"@type\":\"Article\",\"@id\":\"https:\\\/\\\/www.eltern-forum.at\\\/ratgeber-news\\\/vaeterkarenz\\\/#article\",\"isPartOf\":{\"@id\":\"https:\\\/\\\/www.eltern-forum.at\\\/ratgeber-news\\\/vaeterkarenz\\\/\"},\"author\":{\"name\":\"Lea Himmel\",\"@id\":\"https:\\\/\\\/www.eltern-forum.at\\\/ratgeber-news\\\/#\\\/schema\\\/person\\\/0aa87ae35513ed5ac527b597339d87aa\"},\"headline\":\"V\u00e4terkarenz \u2013 Die Kinderbetreuung ist Aufgabe beider Elternteile\",\"datePublished\":\"2017-02-20T08:00:06+00:00\",\"dateModified\":\"2017-02-20T08:41:24+00:00\",\"mainEntityOfPage\":{\"@id\":\"https:\\\/\\\/www.eltern-forum.at\\\/ratgeber-news\\\/vaeterkarenz\\\/\"},\"wordCount\":1504,\"commentCount\":1,\"publisher\":{\"@id\":\"https:\\\/\\\/www.eltern-forum.at\\\/ratgeber-news\\\/#organization\"},\"image\":{\"@id\":\"https:\\\/\\\/www.eltern-forum.at\\\/ratgeber-news\\\/vaeterkarenz\\\/#primaryimage\"},\"thumbnailUrl\":\"https:\\\/\\\/www.eltern-forum.at\\\/ratgeber-news\\\/wp-content\\\/uploads\\\/2017\\\/02\\\/vater-und-baby.jpg\",\"inLanguage\":\"de\",\"potentialAction\":[{\"@type\":\"CommentAction\",\"name\":\"Comment\",\"target\":[\"https:\\\/\\\/www.eltern-forum.at\\\/ratgeber-news\\\/vaeterkarenz\\\/#respond\"]}]},{\"@type\":\"WebPage\",\"@id\":\"https:\\\/\\\/www.eltern-forum.at\\\/ratgeber-news\\\/vaeterkarenz\\\/\",\"url\":\"https:\\\/\\\/www.eltern-forum.at\\\/ratgeber-news\\\/vaeterkarenz\\\/\",\"name\":\"V\u00e4terkarenz und Papamonat - Alle Infos\",\"isPartOf\":{\"@id\":\"https:\\\/\\\/www.eltern-forum.at\\\/ratgeber-news\\\/#website\"},\"primaryImageOfPage\":{\"@id\":\"https:\\\/\\\/www.eltern-forum.at\\\/ratgeber-news\\\/vaeterkarenz\\\/#primaryimage\"},\"image\":{\"@id\":\"https:\\\/\\\/www.eltern-forum.at\\\/ratgeber-news\\\/vaeterkarenz\\\/#primaryimage\"},\"thumbnailUrl\":\"https:\\\/\\\/www.eltern-forum.at\\\/ratgeber-news\\\/wp-content\\\/uploads\\\/2017\\\/02\\\/vater-und-baby.jpg\",\"datePublished\":\"2017-02-20T08:00:06+00:00\",\"dateModified\":\"2017-02-20T08:41:24+00:00\",\"description\":\"Alles was sie \u00fcber die V\u00e4terkarenz und den Papamonat wissen m\u00fcssen - jetzt im Ratgeber alle Infos!\",\"inLanguage\":\"de\",\"potentialAction\":[{\"@type\":\"ReadAction\",\"target\":[\"https:\\\/\\\/www.eltern-forum.at\\\/ratgeber-news\\\/vaeterkarenz\\\/\"]}]},{\"@type\":\"ImageObject\",\"inLanguage\":\"de\",\"@id\":\"https:\\\/\\\/www.eltern-forum.at\\\/ratgeber-news\\\/vaeterkarenz\\\/#primaryimage\",\"url\":\"https:\\\/\\\/www.eltern-forum.at\\\/ratgeber-news\\\/wp-content\\\/uploads\\\/2017\\\/02\\\/vater-und-baby.jpg\",\"contentUrl\":\"https:\\\/\\\/www.eltern-forum.at\\\/ratgeber-news\\\/wp-content\\\/uploads\\\/2017\\\/02\\\/vater-und-baby.jpg\",\"width\":750,\"height\":326},{\"@type\":\"WebSite\",\"@id\":\"https:\\\/\\\/www.eltern-forum.at\\\/ratgeber-news\\\/#website\",\"url\":\"https:\\\/\\\/www.eltern-forum.at\\\/ratgeber-news\\\/\",\"name\":\"Eltern Ratgeber News\",\"description\":\"ein Projekt von eltern-forum.at\",\"publisher\":{\"@id\":\"https:\\\/\\\/www.eltern-forum.at\\\/ratgeber-news\\\/#organization\"},\"potentialAction\":[{\"@type\":\"SearchAction\",\"target\":{\"@type\":\"EntryPoint\",\"urlTemplate\":\"https:\\\/\\\/www.eltern-forum.at\\\/ratgeber-news\\\/?s={search_term_string}\"},\"query-input\":{\"@type\":\"PropertyValueSpecification\",\"valueRequired\":true,\"valueName\":\"search_term_string\"}}],\"inLanguage\":\"de\"},{\"@type\":\"Organization\",\"@id\":\"https:\\\/\\\/www.eltern-forum.at\\\/ratgeber-news\\\/#organization\",\"name\":\"Eltern Ratgeber News\",\"url\":\"https:\\\/\\\/www.eltern-forum.at\\\/ratgeber-news\\\/\",\"logo\":{\"@type\":\"ImageObject\",\"inLanguage\":\"de\",\"@id\":\"https:\\\/\\\/www.eltern-forum.at\\\/ratgeber-news\\\/#\\\/schema\\\/logo\\\/image\\\/\",\"url\":\"https:\\\/\\\/www.eltern-forum.at\\\/ratgeber-news\\\/wp-content\\\/uploads\\\/2022\\\/12\\\/eltern-forum-logo.svg\",\"contentUrl\":\"https:\\\/\\\/www.eltern-forum.at\\\/ratgeber-news\\\/wp-content\\\/uploads\\\/2022\\\/12\\\/eltern-forum-logo.svg\",\"width\":350,\"height\":80,\"caption\":\"Eltern Ratgeber News\"},\"image\":{\"@id\":\"https:\\\/\\\/www.eltern-forum.at\\\/ratgeber-news\\\/#\\\/schema\\\/logo\\\/image\\\/\"}},{\"@type\":\"Person\",\"@id\":\"https:\\\/\\\/www.eltern-forum.at\\\/ratgeber-news\\\/#\\\/schema\\\/person\\\/0aa87ae35513ed5ac527b597339d87aa\",\"name\":\"Lea Himmel\",\"description\":\"Seit meiner ersten Schwangerschaft besch\u00e4ftige ich mich mit vielen Fragen rund ums Eltern-werden. Ich habe das eltern-forum.at im Jahr 2005 zum Informationsaustausch gegr\u00fcndet. Ich als zweifache Mami und meine Freundinnen und Freunde berichten hier \u00fcber Erfahrungen.\",\"url\":\"https:\\\/\\\/www.eltern-forum.at\\\/ratgeber-news\\\/author\\\/mediennetzwerk\\\/\"}]}<\/script>\n<!-- \/ Yoast SEO plugin. -->","yoast_head_json":{"title":"V\u00e4terkarenz und Papamonat - Alle Infos","description":"Alles was sie \u00fcber die V\u00e4terkarenz und den Papamonat wissen m\u00fcssen - jetzt im Ratgeber alle Infos!","robots":{"index":"index","follow":"follow","max-snippet":"max-snippet:-1","max-image-preview":"max-image-preview:large","max-video-preview":"max-video-preview:-1"},"canonical":"https:\/\/www.eltern-forum.at\/ratgeber-news\/vaeterkarenz\/","og_locale":"de_DE","og_type":"article","og_title":"V\u00e4terkarenz und Papamonat - Alle Infos","og_description":"Alles was sie \u00fcber die V\u00e4terkarenz und den Papamonat wissen m\u00fcssen - jetzt im Ratgeber alle Infos!","og_url":"https:\/\/www.eltern-forum.at\/ratgeber-news\/vaeterkarenz\/","og_site_name":"Eltern Ratgeber News","article_published_time":"2017-02-20T08:00:06+00:00","article_modified_time":"2017-02-20T08:41:24+00:00","og_image":[{"width":750,"height":326,"url":"https:\/\/www.eltern-forum.at\/ratgeber-news\/wp-content\/uploads\/2017\/02\/vater-und-baby.jpg","type":"image\/jpeg"}],"author":"Lea Himmel","twitter_misc":{"Verfasst von":"Lea Himmel","Gesch\u00e4tzte Lesezeit":"7\u00a0Minuten"},"schema":{"@context":"https:\/\/schema.org","@graph":[{"@type":"Article","@id":"https:\/\/www.eltern-forum.at\/ratgeber-news\/vaeterkarenz\/#article","isPartOf":{"@id":"https:\/\/www.eltern-forum.at\/ratgeber-news\/vaeterkarenz\/"},"author":{"name":"Lea Himmel","@id":"https:\/\/www.eltern-forum.at\/ratgeber-news\/#\/schema\/person\/0aa87ae35513ed5ac527b597339d87aa"},"headline":"V\u00e4terkarenz \u2013 Die Kinderbetreuung ist Aufgabe beider Elternteile","datePublished":"2017-02-20T08:00:06+00:00","dateModified":"2017-02-20T08:41:24+00:00","mainEntityOfPage":{"@id":"https:\/\/www.eltern-forum.at\/ratgeber-news\/vaeterkarenz\/"},"wordCount":1504,"commentCount":1,"publisher":{"@id":"https:\/\/www.eltern-forum.at\/ratgeber-news\/#organization"},"image":{"@id":"https:\/\/www.eltern-forum.at\/ratgeber-news\/vaeterkarenz\/#primaryimage"},"thumbnailUrl":"https:\/\/www.eltern-forum.at\/ratgeber-news\/wp-content\/uploads\/2017\/02\/vater-und-baby.jpg","inLanguage":"de","potentialAction":[{"@type":"CommentAction","name":"Comment","target":["https:\/\/www.eltern-forum.at\/ratgeber-news\/vaeterkarenz\/#respond"]}]},{"@type":"WebPage","@id":"https:\/\/www.eltern-forum.at\/ratgeber-news\/vaeterkarenz\/","url":"https:\/\/www.eltern-forum.at\/ratgeber-news\/vaeterkarenz\/","name":"V\u00e4terkarenz und Papamonat - Alle Infos","isPartOf":{"@id":"https:\/\/www.eltern-forum.at\/ratgeber-news\/#website"},"primaryImageOfPage":{"@id":"https:\/\/www.eltern-forum.at\/ratgeber-news\/vaeterkarenz\/#primaryimage"},"image":{"@id":"https:\/\/www.eltern-forum.at\/ratgeber-news\/vaeterkarenz\/#primaryimage"},"thumbnailUrl":"https:\/\/www.eltern-forum.at\/ratgeber-news\/wp-content\/uploads\/2017\/02\/vater-und-baby.jpg","datePublished":"2017-02-20T08:00:06+00:00","dateModified":"2017-02-20T08:41:24+00:00","description":"Alles was sie \u00fcber die V\u00e4terkarenz und den Papamonat wissen m\u00fcssen - jetzt im Ratgeber alle Infos!","inLanguage":"de","potentialAction":[{"@type":"ReadAction","target":["https:\/\/www.eltern-forum.at\/ratgeber-news\/vaeterkarenz\/"]}]},{"@type":"ImageObject","inLanguage":"de","@id":"https:\/\/www.eltern-forum.at\/ratgeber-news\/vaeterkarenz\/#primaryimage","url":"https:\/\/www.eltern-forum.at\/ratgeber-news\/wp-content\/uploads\/2017\/02\/vater-und-baby.jpg","contentUrl":"https:\/\/www.eltern-forum.at\/ratgeber-news\/wp-content\/uploads\/2017\/02\/vater-und-baby.jpg","width":750,"height":326},{"@type":"WebSite","@id":"https:\/\/www.eltern-forum.at\/ratgeber-news\/#website","url":"https:\/\/www.eltern-forum.at\/ratgeber-news\/","name":"Eltern Ratgeber News","description":"ein Projekt von eltern-forum.at","publisher":{"@id":"https:\/\/www.eltern-forum.at\/ratgeber-news\/#organization"},"potentialAction":[{"@type":"SearchAction","target":{"@type":"EntryPoint","urlTemplate":"https:\/\/www.eltern-forum.at\/ratgeber-news\/?s={search_term_string}"},"query-input":{"@type":"PropertyValueSpecification","valueRequired":true,"valueName":"search_term_string"}}],"inLanguage":"de"},{"@type":"Organization","@id":"https:\/\/www.eltern-forum.at\/ratgeber-news\/#organization","name":"Eltern Ratgeber News","url":"https:\/\/www.eltern-forum.at\/ratgeber-news\/","logo":{"@type":"ImageObject","inLanguage":"de","@id":"https:\/\/www.eltern-forum.at\/ratgeber-news\/#\/schema\/logo\/image\/","url":"https:\/\/www.eltern-forum.at\/ratgeber-news\/wp-content\/uploads\/2022\/12\/eltern-forum-logo.svg","contentUrl":"https:\/\/www.eltern-forum.at\/ratgeber-news\/wp-content\/uploads\/2022\/12\/eltern-forum-logo.svg","width":350,"height":80,"caption":"Eltern Ratgeber News"},"image":{"@id":"https:\/\/www.eltern-forum.at\/ratgeber-news\/#\/schema\/logo\/image\/"}},{"@type":"Person","@id":"https:\/\/www.eltern-forum.at\/ratgeber-news\/#\/schema\/person\/0aa87ae35513ed5ac527b597339d87aa","name":"Lea Himmel","description":"Seit meiner ersten Schwangerschaft besch\u00e4ftige ich mich mit vielen Fragen rund ums Eltern-werden. Ich habe das eltern-forum.at im Jahr 2005 zum Informationsaustausch gegr\u00fcndet. Ich als zweifache Mami und meine Freundinnen und Freunde berichten hier \u00fcber Erfahrungen.","url":"https:\/\/www.eltern-forum.at\/ratgeber-news\/author\/mediennetzwerk\/"}]}},"taxonomy_info":{"category":[{"value":1,"label":"Allgemein"}]},"featured_image_src_large":["https:\/\/www.eltern-forum.at\/ratgeber-news\/wp-content\/uploads\/2017\/02\/vater-und-baby.jpg",750,326,false],"author_info":{"display_name":"Lea Himmel","author_link":"https:\/\/www.eltern-forum.at\/ratgeber-news\/author\/mediennetzwerk\/"},"comment_info":1,"category_info":[{"term_id":1,"name":"Allgemein","slug":"allgemein","term_group":0,"term_taxonomy_id":1,"taxonomy":"category","description":"","parent":0,"count":33,"filter":"raw","cat_ID":1,"category_count":33,"category_description":"","cat_name":"Allgemein","category_nicename":"allgemein","category_parent":0}],"tag_info":false,"_links":{"self":[{"href":"https:\/\/www.eltern-forum.at\/ratgeber-news\/wp-json\/wp\/v2\/posts\/3420","targetHints":{"allow":["GET"]}}],"collection":[{"href":"https:\/\/www.eltern-forum.at\/ratgeber-news\/wp-json\/wp\/v2\/posts"}],"about":[{"href":"https:\/\/www.eltern-forum.at\/ratgeber-news\/wp-json\/wp\/v2\/types\/post"}],"author":[{"embeddable":true,"href":"https:\/\/www.eltern-forum.at\/ratgeber-news\/wp-json\/wp\/v2\/users\/3"}],"replies":[{"embeddable":true,"href":"https:\/\/www.eltern-forum.at\/ratgeber-news\/wp-json\/wp\/v2\/comments?post=3420"}],"version-history":[{"count":0,"href":"https:\/\/www.eltern-forum.at\/ratgeber-news\/wp-json\/wp\/v2\/posts\/3420\/revisions"}],"wp:featuredmedia":[{"embeddable":true,"href":"https:\/\/www.eltern-forum.at\/ratgeber-news\/wp-json\/wp\/v2\/media\/3442"}],"wp:attachment":[{"href":"https:\/\/www.eltern-forum.at\/ratgeber-news\/wp-json\/wp\/v2\/media?parent=3420"}],"wp:term":[{"taxonomy":"category","embeddable":true,"href":"https:\/\/www.eltern-forum.at\/ratgeber-news\/wp-json\/wp\/v2\/categories?post=3420"},{"taxonomy":"post_tag","embeddable":true,"href":"https:\/\/www.eltern-forum.at\/ratgeber-news\/wp-json\/wp\/v2\/tags?post=3420"}],"curies":[{"name":"wp","href":"https:\/\/api.w.org\/{rel}","templated":true}]}}