{"id":3944,"date":"2025-02-01T09:26:24","date_gmt":"2025-02-01T07:26:24","guid":{"rendered":"https:\/\/www.eltern-forum.at\/ratgeber-news\/?p=3944"},"modified":"2026-02-06T09:21:05","modified_gmt":"2026-02-06T07:21:05","slug":"herbstferien-in-oesterreich","status":"publish","type":"post","link":"https:\/\/www.eltern-forum.at\/ratgeber-news\/herbstferien-in-oesterreich\/","title":{"rendered":"Herbstferien 2026 in \u00d6sterreich"},"content":{"rendered":"<style>.wp-block-kadence-advancedheading.kt-adv-heading3944_4071c9-e2, .wp-block-kadence-advancedheading.kt-adv-heading3944_4071c9-e2[data-kb-block=\"kb-adv-heading3944_4071c9-e2\"]{font-size:var(--global-kb-font-size-md, 1.25rem);font-weight:700;font-style:normal;font-family:Lato;}.wp-block-kadence-advancedheading.kt-adv-heading3944_4071c9-e2 mark.kt-highlight, .wp-block-kadence-advancedheading.kt-adv-heading3944_4071c9-e2[data-kb-block=\"kb-adv-heading3944_4071c9-e2\"] mark.kt-highlight{font-style:normal;color:#f76a0c;-webkit-box-decoration-break:clone;box-decoration-break:clone;padding-top:0px;padding-right:0px;padding-bottom:0px;padding-left:0px;}.wp-block-kadence-advancedheading.kt-adv-heading3944_4071c9-e2 img.kb-inline-image, .wp-block-kadence-advancedheading.kt-adv-heading3944_4071c9-e2[data-kb-block=\"kb-adv-heading3944_4071c9-e2\"] img.kb-inline-image{width:150px;vertical-align:baseline;}<\/style>\n<p class=\"kt-adv-heading3944_4071c9-e2 wp-block-kadence-advancedheading\" data-kb-block=\"kb-adv-heading3944_4071c9-e2\">Eine Erleichterung f\u00fcr Eltern sollen sie bringen &#8211; die Herbstferien sollen in \u00d6sterreich eingef\u00fchrt werden. Eltern, welche Kinder in verschiedenen Schulen oder Kinderg\u00e4rten untergebracht hatten, hatten bisher das Problem, dass die Schulen die autonomen Tage nicht einheitlich festgesetzt hatten. So kam es bisher teilweise zu einem Betreuungsproblem.<\/p>\n\n\n\n<div class=\"wp-block-columns is-layout-flex wp-container-core-columns-is-layout-9d6595d7 wp-block-columns-is-layout-flex\">\n<div class=\"wp-block-column is-layout-flow wp-block-column-is-layout-flow\" style=\"flex-basis:100%\"><style>.wp-block-kadence-advancedbtn.kb-btns3944_5b651a-b2{gap:var(--global-kb-gap-xs, 0.5rem );justify-content:center;align-items:center;}.kt-btns3944_5b651a-b2 .kt-button{font-weight:normal;font-style:normal;}<\/style>\n<div class=\"wp-block-kadence-advancedbtn kb-buttons-wrap kb-btns3944_5b651a-b2\"><style>ul.menu .wp-block-kadence-advancedbtn .kb-btn3944_8958e0-d6.kb-button{width:initial;}<\/style><a class=\"kb-button kt-button button kb-btn3944_8958e0-d6 kt-btn-size-standard kt-btn-width-type-full kb-btn-global-inherit  kt-btn-has-text-true kt-btn-has-svg-true  wp-block-button__link wp-block-kadence-singlebtn\" href=\"#respond\"><span class=\"kb-svg-icon-wrap kb-svg-icon-fas_comment kt-btn-icon-side-left\"><svg viewBox=\"0 0 512 512\"  fill=\"currentColor\" xmlns=\"http:\/\/www.w3.org\/2000\/svg\"  aria-hidden=\"true\"><path d=\"M256 32C114.6 32 0 125.1 0 240c0 49.6 21.4 95 57 130.7C44.5 421.1 2.7 466 2.2 466.5c-2.2 2.3-2.8 5.7-1.5 8.7S4.8 480 8 480c66.3 0 116-31.8 140.6-51.4 32.7 12.3 69 19.4 107.4 19.4 141.4 0 256-93.1 256-208S397.4 32 256 32z\"\/><\/svg><\/span><span class=\"kt-btn-inner-text\">Was h\u00e4ltst Du von den Herbstferien? <br>Sag uns Deine Meinung in den Kommentaren!<\/span><\/a><\/div>\n<\/div>\n<\/div>\n\n\n<div class=\"wp-block-image size-voll wp-image-3945\">\n<figure class=\"aligncenter\"><img decoding=\"async\" width=\"750\" height=\"386\" src=\"https:\/\/www.eltern-forum.at\/ratgeber-news\/wp-content\/uploads\/2017\/12\/herbsferien-750x386.jpg\" alt=\"\" class=\"wp-image-3945\" srcset=\"https:\/\/www.eltern-forum.at\/ratgeber-news\/wp-content\/uploads\/2017\/12\/herbsferien.jpg 750w, https:\/\/www.eltern-forum.at\/ratgeber-news\/wp-content\/uploads\/2017\/12\/herbsferien-300x154.jpg 300w, https:\/\/www.eltern-forum.at\/ratgeber-news\/wp-content\/uploads\/2017\/12\/herbsferien-348x180.jpg 348w\" sizes=\"(max-width: 750px) 100vw, 750px\" \/><figcaption class=\"wp-element-caption\">Herbstferien: Gute oder schlechte Idee?<\/figcaption><\/figure>\n<\/div>\n\n\n<h2 class=\"wp-block-heading\">Wann sind Herbstferien in \u00d6sterreich?<\/h2>\n\n\n\n<p>Die Tage zwischen dem Nationalfeiertag und Allerseelen sind ab 2021 f\u00fcr alle Sch\u00fcler in \u00d6sterreich frei. Die Herbstferien fanden also erstmals von 26. Oktober bis 2. November 2021 statt.<\/p>\n\n\n\n<h3 class=\"wp-block-heading\">Wann sind Herbstferien in \u00d6sterreich 2026<\/h3>\n\n\n\n<p>Alle Sch\u00fcler haben zwischen <strong>26. Oktober bis 2. November 2025<\/strong> in \u00d6sterreich Herbstferien.<\/p>\n\n\n\n<ul class=\"wp-block-list\">\n<li><strong>Nationalfeiertag<\/strong>: 26. Oktober 2026<\/li>\n\n\n\n<li><strong>Beginn<\/strong>: 27. Oktober 2026<\/li>\n\n\n\n<li><strong>Ende<\/strong>: 31. Oktober 2026<\/li>\n\n\n\n<li><strong>Allerheiligen<\/strong>: 1. November 2026<\/li>\n\n\n\n<li><strong>Allerseelen<\/strong>: 2. November 2026<\/li>\n<\/ul>\n\n\n\n<h3 class=\"wp-block-heading\">Weniger Schule?<\/h3>\n\n\n\n<p>Die Herbstferien sind seit 2021 fl\u00e4chendeckend in ganz \u00d6sterreich eingef\u00fchrt worden. Daf\u00fcr wurden einige <strong>schulautonome Tage<\/strong> sowie die <strong>freien Dienstage<\/strong> nach <strong>Ostern<\/strong> und <strong>Pfingsten<\/strong> zu streichen! Die Anzahl der verwendeten Tage ist kalenderm\u00e4\u00dfig variabel und orientiert sich am 26. Oktober.&nbsp; F\u00e4llt dieser beispielsweise auf einen Montag, werden h\u00f6chstens drei Tage als schulautonome Tage verwendet.<\/p>\n\n\n\n<p class=\"has-theme-palette-8-background-color has-background\">Das Ausma\u00df der schulfreien Tage bzw. der Schultage&nbsp; bliebt durch die Einf\u00fchrung der Herbstferien gleich!<\/p>\n","protected":false},"excerpt":{"rendered":"<p>Eine Erleichterung f\u00fcr Eltern sollen sie bringen &#8211; die Herbstferien sollen in \u00d6sterreich eingef\u00fchrt werden. Eltern, welche Kinder in verschiedenen Schulen oder Kinderg\u00e4rten untergebracht&#8230;<\/p>\n","protected":false},"author":3,"featured_media":3945,"comment_status":"open","ping_status":"open","sticky":false,"template":"","format":"standard","meta":{"inline_featured_image":false,"_kad_blocks_custom_css":"","_kad_blocks_head_custom_js":"","_kad_blocks_body_custom_js":"","_kad_blocks_footer_custom_js":"","_kad_post_transparent":"default","_kad_post_title":"default","_kad_post_layout":"default","_kad_post_sidebar_id":"","_kad_post_content_style":"default","_kad_post_vertical_padding":"default","_kad_post_feature":"","_kad_post_feature_position":"","_kad_post_header":false,"_kad_post_footer":false,"_kad_post_classname":"","footnotes":""},"categories":[16],"tags":[],"class_list":["post-3944","post","type-post","status-publish","format-standard","has-post-thumbnail","hentry","category-betreuung"],"yoast_head":"<!-- This site is optimized with the Yoast SEO plugin v27.5 - https:\/\/yoast.com\/product\/yoast-seo-wordpress\/ -->\n<title>Herbstferien 2026 in \u00d6sterreich<\/title>\n<meta name=\"robots\" content=\"index, follow, max-snippet:-1, max-image-preview:large, max-video-preview:-1\" \/>\n<link rel=\"canonical\" href=\"https:\/\/www.eltern-forum.at\/ratgeber-news\/herbstferien-in-oesterreich\/\" \/>\n<meta property=\"og:locale\" content=\"de_DE\" \/>\n<meta property=\"og:type\" content=\"article\" \/>\n<meta property=\"og:title\" content=\"Herbstferien 2026 in \u00d6sterreich\" \/>\n<meta property=\"og:description\" content=\"Eine Erleichterung f\u00fcr Eltern sollen sie bringen &#8211; die Herbstferien sollen in \u00d6sterreich eingef\u00fchrt werden. Eltern, welche Kinder in verschiedenen Schulen oder Kinderg\u00e4rten untergebracht...\" \/>\n<meta property=\"og:url\" content=\"https:\/\/www.eltern-forum.at\/ratgeber-news\/herbstferien-in-oesterreich\/\" \/>\n<meta property=\"og:site_name\" content=\"Eltern Ratgeber News\" \/>\n<meta property=\"article:published_time\" content=\"2025-02-01T07:26:24+00:00\" \/>\n<meta property=\"article:modified_time\" content=\"2026-02-06T07:21:05+00:00\" \/>\n<meta property=\"og:image\" content=\"https:\/\/www.eltern-forum.at\/ratgeber-news\/wp-content\/uploads\/2017\/12\/herbsferien.jpg\" \/>\n\t<meta property=\"og:image:width\" content=\"750\" \/>\n\t<meta property=\"og:image:height\" content=\"386\" \/>\n\t<meta property=\"og:image:type\" content=\"image\/jpeg\" \/>\n<meta name=\"author\" content=\"Lea Himmel\" \/>\n<meta name=\"twitter:label1\" content=\"Verfasst von\" \/>\n\t<meta name=\"twitter:data1\" content=\"Lea Himmel\" \/>\n\t<meta name=\"twitter:label2\" content=\"Gesch\u00e4tzte Lesezeit\" \/>\n\t<meta name=\"twitter:data2\" content=\"2\u00a0Minuten\" \/>\n<script type=\"application\/ld+json\" class=\"yoast-schema-graph\">{\"@context\":\"https:\\\/\\\/schema.org\",\"@graph\":[{\"@type\":\"Article\",\"@id\":\"https:\\\/\\\/www.eltern-forum.at\\\/ratgeber-news\\\/herbstferien-in-oesterreich\\\/#article\",\"isPartOf\":{\"@id\":\"https:\\\/\\\/www.eltern-forum.at\\\/ratgeber-news\\\/herbstferien-in-oesterreich\\\/\"},\"author\":{\"name\":\"Lea Himmel\",\"@id\":\"https:\\\/\\\/www.eltern-forum.at\\\/ratgeber-news\\\/#\\\/schema\\\/person\\\/0aa87ae35513ed5ac527b597339d87aa\"},\"headline\":\"Herbstferien 2026 in \u00d6sterreich\",\"datePublished\":\"2025-02-01T07:26:24+00:00\",\"dateModified\":\"2026-02-06T07:21:05+00:00\",\"mainEntityOfPage\":{\"@id\":\"https:\\\/\\\/www.eltern-forum.at\\\/ratgeber-news\\\/herbstferien-in-oesterreich\\\/\"},\"wordCount\":194,\"commentCount\":59,\"publisher\":{\"@id\":\"https:\\\/\\\/www.eltern-forum.at\\\/ratgeber-news\\\/#organization\"},\"image\":{\"@id\":\"https:\\\/\\\/www.eltern-forum.at\\\/ratgeber-news\\\/herbstferien-in-oesterreich\\\/#primaryimage\"},\"thumbnailUrl\":\"https:\\\/\\\/www.eltern-forum.at\\\/ratgeber-news\\\/wp-content\\\/uploads\\\/2017\\\/12\\\/herbsferien.jpg\",\"articleSection\":[\"Betreuung\"],\"inLanguage\":\"de\",\"potentialAction\":[{\"@type\":\"CommentAction\",\"name\":\"Comment\",\"target\":[\"https:\\\/\\\/www.eltern-forum.at\\\/ratgeber-news\\\/herbstferien-in-oesterreich\\\/#respond\"]}]},{\"@type\":\"WebPage\",\"@id\":\"https:\\\/\\\/www.eltern-forum.at\\\/ratgeber-news\\\/herbstferien-in-oesterreich\\\/\",\"url\":\"https:\\\/\\\/www.eltern-forum.at\\\/ratgeber-news\\\/herbstferien-in-oesterreich\\\/\",\"name\":\"Herbstferien 2026 in \u00d6sterreich\",\"isPartOf\":{\"@id\":\"https:\\\/\\\/www.eltern-forum.at\\\/ratgeber-news\\\/#website\"},\"primaryImageOfPage\":{\"@id\":\"https:\\\/\\\/www.eltern-forum.at\\\/ratgeber-news\\\/herbstferien-in-oesterreich\\\/#primaryimage\"},\"image\":{\"@id\":\"https:\\\/\\\/www.eltern-forum.at\\\/ratgeber-news\\\/herbstferien-in-oesterreich\\\/#primaryimage\"},\"thumbnailUrl\":\"https:\\\/\\\/www.eltern-forum.at\\\/ratgeber-news\\\/wp-content\\\/uploads\\\/2017\\\/12\\\/herbsferien.jpg\",\"datePublished\":\"2025-02-01T07:26:24+00:00\",\"dateModified\":\"2026-02-06T07:21:05+00:00\",\"inLanguage\":\"de\",\"potentialAction\":[{\"@type\":\"ReadAction\",\"target\":[\"https:\\\/\\\/www.eltern-forum.at\\\/ratgeber-news\\\/herbstferien-in-oesterreich\\\/\"]}]},{\"@type\":\"ImageObject\",\"inLanguage\":\"de\",\"@id\":\"https:\\\/\\\/www.eltern-forum.at\\\/ratgeber-news\\\/herbstferien-in-oesterreich\\\/#primaryimage\",\"url\":\"https:\\\/\\\/www.eltern-forum.at\\\/ratgeber-news\\\/wp-content\\\/uploads\\\/2017\\\/12\\\/herbsferien.jpg\",\"contentUrl\":\"https:\\\/\\\/www.eltern-forum.at\\\/ratgeber-news\\\/wp-content\\\/uploads\\\/2017\\\/12\\\/herbsferien.jpg\",\"width\":750,\"height\":386,\"caption\":\"Herbstferien: Gute oder schlechte Idee?\"},{\"@type\":\"WebSite\",\"@id\":\"https:\\\/\\\/www.eltern-forum.at\\\/ratgeber-news\\\/#website\",\"url\":\"https:\\\/\\\/www.eltern-forum.at\\\/ratgeber-news\\\/\",\"name\":\"Eltern Ratgeber News\",\"description\":\"ein Projekt von eltern-forum.at\",\"publisher\":{\"@id\":\"https:\\\/\\\/www.eltern-forum.at\\\/ratgeber-news\\\/#organization\"},\"potentialAction\":[{\"@type\":\"SearchAction\",\"target\":{\"@type\":\"EntryPoint\",\"urlTemplate\":\"https:\\\/\\\/www.eltern-forum.at\\\/ratgeber-news\\\/?s={search_term_string}\"},\"query-input\":{\"@type\":\"PropertyValueSpecification\",\"valueRequired\":true,\"valueName\":\"search_term_string\"}}],\"inLanguage\":\"de\"},{\"@type\":\"Organization\",\"@id\":\"https:\\\/\\\/www.eltern-forum.at\\\/ratgeber-news\\\/#organization\",\"name\":\"Eltern Ratgeber News\",\"url\":\"https:\\\/\\\/www.eltern-forum.at\\\/ratgeber-news\\\/\",\"logo\":{\"@type\":\"ImageObject\",\"inLanguage\":\"de\",\"@id\":\"https:\\\/\\\/www.eltern-forum.at\\\/ratgeber-news\\\/#\\\/schema\\\/logo\\\/image\\\/\",\"url\":\"https:\\\/\\\/www.eltern-forum.at\\\/ratgeber-news\\\/wp-content\\\/uploads\\\/2022\\\/12\\\/eltern-forum-logo.svg\",\"contentUrl\":\"https:\\\/\\\/www.eltern-forum.at\\\/ratgeber-news\\\/wp-content\\\/uploads\\\/2022\\\/12\\\/eltern-forum-logo.svg\",\"width\":350,\"height\":80,\"caption\":\"Eltern Ratgeber News\"},\"image\":{\"@id\":\"https:\\\/\\\/www.eltern-forum.at\\\/ratgeber-news\\\/#\\\/schema\\\/logo\\\/image\\\/\"}},{\"@type\":\"Person\",\"@id\":\"https:\\\/\\\/www.eltern-forum.at\\\/ratgeber-news\\\/#\\\/schema\\\/person\\\/0aa87ae35513ed5ac527b597339d87aa\",\"name\":\"Lea Himmel\",\"description\":\"Seit meiner ersten Schwangerschaft besch\u00e4ftige ich mich mit vielen Fragen rund ums Eltern-werden. Ich habe das eltern-forum.at im Jahr 2005 zum Informationsaustausch gegr\u00fcndet. Ich als zweifache Mami und meine Freundinnen und Freunde berichten hier \u00fcber Erfahrungen.\",\"url\":\"https:\\\/\\\/www.eltern-forum.at\\\/ratgeber-news\\\/author\\\/mediennetzwerk\\\/\"}]}<\/script>\n<!-- \/ Yoast SEO plugin. -->","yoast_head_json":{"title":"Herbstferien 2026 in \u00d6sterreich","robots":{"index":"index","follow":"follow","max-snippet":"max-snippet:-1","max-image-preview":"max-image-preview:large","max-video-preview":"max-video-preview:-1"},"canonical":"https:\/\/www.eltern-forum.at\/ratgeber-news\/herbstferien-in-oesterreich\/","og_locale":"de_DE","og_type":"article","og_title":"Herbstferien 2026 in \u00d6sterreich","og_description":"Eine Erleichterung f\u00fcr Eltern sollen sie bringen &#8211; die Herbstferien sollen in \u00d6sterreich eingef\u00fchrt werden. Eltern, welche Kinder in verschiedenen Schulen oder Kinderg\u00e4rten untergebracht...","og_url":"https:\/\/www.eltern-forum.at\/ratgeber-news\/herbstferien-in-oesterreich\/","og_site_name":"Eltern Ratgeber News","article_published_time":"2025-02-01T07:26:24+00:00","article_modified_time":"2026-02-06T07:21:05+00:00","og_image":[{"width":750,"height":386,"url":"https:\/\/www.eltern-forum.at\/ratgeber-news\/wp-content\/uploads\/2017\/12\/herbsferien.jpg","type":"image\/jpeg"}],"author":"Lea Himmel","twitter_misc":{"Verfasst von":"Lea Himmel","Gesch\u00e4tzte Lesezeit":"2\u00a0Minuten"},"schema":{"@context":"https:\/\/schema.org","@graph":[{"@type":"Article","@id":"https:\/\/www.eltern-forum.at\/ratgeber-news\/herbstferien-in-oesterreich\/#article","isPartOf":{"@id":"https:\/\/www.eltern-forum.at\/ratgeber-news\/herbstferien-in-oesterreich\/"},"author":{"name":"Lea Himmel","@id":"https:\/\/www.eltern-forum.at\/ratgeber-news\/#\/schema\/person\/0aa87ae35513ed5ac527b597339d87aa"},"headline":"Herbstferien 2026 in \u00d6sterreich","datePublished":"2025-02-01T07:26:24+00:00","dateModified":"2026-02-06T07:21:05+00:00","mainEntityOfPage":{"@id":"https:\/\/www.eltern-forum.at\/ratgeber-news\/herbstferien-in-oesterreich\/"},"wordCount":194,"commentCount":59,"publisher":{"@id":"https:\/\/www.eltern-forum.at\/ratgeber-news\/#organization"},"image":{"@id":"https:\/\/www.eltern-forum.at\/ratgeber-news\/herbstferien-in-oesterreich\/#primaryimage"},"thumbnailUrl":"https:\/\/www.eltern-forum.at\/ratgeber-news\/wp-content\/uploads\/2017\/12\/herbsferien.jpg","articleSection":["Betreuung"],"inLanguage":"de","potentialAction":[{"@type":"CommentAction","name":"Comment","target":["https:\/\/www.eltern-forum.at\/ratgeber-news\/herbstferien-in-oesterreich\/#respond"]}]},{"@type":"WebPage","@id":"https:\/\/www.eltern-forum.at\/ratgeber-news\/herbstferien-in-oesterreich\/","url":"https:\/\/www.eltern-forum.at\/ratgeber-news\/herbstferien-in-oesterreich\/","name":"Herbstferien 2026 in \u00d6sterreich","isPartOf":{"@id":"https:\/\/www.eltern-forum.at\/ratgeber-news\/#website"},"primaryImageOfPage":{"@id":"https:\/\/www.eltern-forum.at\/ratgeber-news\/herbstferien-in-oesterreich\/#primaryimage"},"image":{"@id":"https:\/\/www.eltern-forum.at\/ratgeber-news\/herbstferien-in-oesterreich\/#primaryimage"},"thumbnailUrl":"https:\/\/www.eltern-forum.at\/ratgeber-news\/wp-content\/uploads\/2017\/12\/herbsferien.jpg","datePublished":"2025-02-01T07:26:24+00:00","dateModified":"2026-02-06T07:21:05+00:00","inLanguage":"de","potentialAction":[{"@type":"ReadAction","target":["https:\/\/www.eltern-forum.at\/ratgeber-news\/herbstferien-in-oesterreich\/"]}]},{"@type":"ImageObject","inLanguage":"de","@id":"https:\/\/www.eltern-forum.at\/ratgeber-news\/herbstferien-in-oesterreich\/#primaryimage","url":"https:\/\/www.eltern-forum.at\/ratgeber-news\/wp-content\/uploads\/2017\/12\/herbsferien.jpg","contentUrl":"https:\/\/www.eltern-forum.at\/ratgeber-news\/wp-content\/uploads\/2017\/12\/herbsferien.jpg","width":750,"height":386,"caption":"Herbstferien: Gute oder schlechte Idee?"},{"@type":"WebSite","@id":"https:\/\/www.eltern-forum.at\/ratgeber-news\/#website","url":"https:\/\/www.eltern-forum.at\/ratgeber-news\/","name":"Eltern Ratgeber News","description":"ein Projekt von eltern-forum.at","publisher":{"@id":"https:\/\/www.eltern-forum.at\/ratgeber-news\/#organization"},"potentialAction":[{"@type":"SearchAction","target":{"@type":"EntryPoint","urlTemplate":"https:\/\/www.eltern-forum.at\/ratgeber-news\/?s={search_term_string}"},"query-input":{"@type":"PropertyValueSpecification","valueRequired":true,"valueName":"search_term_string"}}],"inLanguage":"de"},{"@type":"Organization","@id":"https:\/\/www.eltern-forum.at\/ratgeber-news\/#organization","name":"Eltern Ratgeber News","url":"https:\/\/www.eltern-forum.at\/ratgeber-news\/","logo":{"@type":"ImageObject","inLanguage":"de","@id":"https:\/\/www.eltern-forum.at\/ratgeber-news\/#\/schema\/logo\/image\/","url":"https:\/\/www.eltern-forum.at\/ratgeber-news\/wp-content\/uploads\/2022\/12\/eltern-forum-logo.svg","contentUrl":"https:\/\/www.eltern-forum.at\/ratgeber-news\/wp-content\/uploads\/2022\/12\/eltern-forum-logo.svg","width":350,"height":80,"caption":"Eltern Ratgeber News"},"image":{"@id":"https:\/\/www.eltern-forum.at\/ratgeber-news\/#\/schema\/logo\/image\/"}},{"@type":"Person","@id":"https:\/\/www.eltern-forum.at\/ratgeber-news\/#\/schema\/person\/0aa87ae35513ed5ac527b597339d87aa","name":"Lea Himmel","description":"Seit meiner ersten Schwangerschaft besch\u00e4ftige ich mich mit vielen Fragen rund ums Eltern-werden. Ich habe das eltern-forum.at im Jahr 2005 zum Informationsaustausch gegr\u00fcndet. Ich als zweifache Mami und meine Freundinnen und Freunde berichten hier \u00fcber Erfahrungen.","url":"https:\/\/www.eltern-forum.at\/ratgeber-news\/author\/mediennetzwerk\/"}]}},"taxonomy_info":{"category":[{"value":16,"label":"Betreuung"}]},"featured_image_src_large":["https:\/\/www.eltern-forum.at\/ratgeber-news\/wp-content\/uploads\/2017\/12\/herbsferien.jpg",750,386,false],"author_info":{"display_name":"Lea Himmel","author_link":"https:\/\/www.eltern-forum.at\/ratgeber-news\/author\/mediennetzwerk\/"},"comment_info":59,"category_info":[{"term_id":16,"name":"Betreuung","slug":"betreuung","term_group":0,"term_taxonomy_id":16,"taxonomy":"category","description":"Wenn dein Kind in den Kindergarten kommt, stellen sich nicht nur f\u00fcr dich, sondern auch f\u00fcr dein Kind neue Herausforderungen. In diesem Blog findest du Tipps und Infos rund um das Thema Kinderbetreuung \u2013 von der Wahl der richtigen Tagesmutter, Kindergarten bis zum Start in die Schule.\r\n<h2>Thema Betreuung, Kindergarten, Tagesmutter oder-vater<\/h2>\r\nIn einem unserem letzten Artikel haben wir \u00fcber die Bedeutung der Vereinbarkeit von Familie und Beruf gesprochen. Dies ist ein Thema, das f\u00fcr viele Eltern relevant ist. Viele Familien entscheiden sich f\u00fcr eine Kinderbetreuung, weil sie den Anspr\u00fcchen an ihren Beruf nicht mehr gerecht werden k\u00f6nnen. Doch welche Kinderbetreuung ist die Richtige f\u00fcr mein Kind? In diesem Magazin stellen wir Ihnen verschiedene Modelle der Kinderbetreuung vor und geben Ihnen hilfreiche Tipps, damit Sie die richtige Entscheidung treffen k\u00f6nnen.","parent":0,"count":31,"filter":"raw","cat_ID":16,"category_count":31,"category_description":"Wenn dein Kind in den Kindergarten kommt, stellen sich nicht nur f\u00fcr dich, sondern auch f\u00fcr dein Kind neue Herausforderungen. In diesem Blog findest du Tipps und Infos rund um das Thema Kinderbetreuung \u2013 von der Wahl der richtigen Tagesmutter, Kindergarten bis zum Start in die Schule.\r\n<h2>Thema Betreuung, Kindergarten, Tagesmutter oder-vater<\/h2>\r\nIn einem unserem letzten Artikel haben wir \u00fcber die Bedeutung der Vereinbarkeit von Familie und Beruf gesprochen. Dies ist ein Thema, das f\u00fcr viele Eltern relevant ist. Viele Familien entscheiden sich f\u00fcr eine Kinderbetreuung, weil sie den Anspr\u00fcchen an ihren Beruf nicht mehr gerecht werden k\u00f6nnen. Doch welche Kinderbetreuung ist die Richtige f\u00fcr mein Kind? In diesem Magazin stellen wir Ihnen verschiedene Modelle der Kinderbetreuung vor und geben Ihnen hilfreiche Tipps, damit Sie die richtige Entscheidung treffen k\u00f6nnen.","cat_name":"Betreuung","category_nicename":"betreuung","category_parent":0}],"tag_info":false,"_links":{"self":[{"href":"https:\/\/www.eltern-forum.at\/ratgeber-news\/wp-json\/wp\/v2\/posts\/3944","targetHints":{"allow":["GET"]}}],"collection":[{"href":"https:\/\/www.eltern-forum.at\/ratgeber-news\/wp-json\/wp\/v2\/posts"}],"about":[{"href":"https:\/\/www.eltern-forum.at\/ratgeber-news\/wp-json\/wp\/v2\/types\/post"}],"author":[{"embeddable":true,"href":"https:\/\/www.eltern-forum.at\/ratgeber-news\/wp-json\/wp\/v2\/users\/3"}],"replies":[{"embeddable":true,"href":"https:\/\/www.eltern-forum.at\/ratgeber-news\/wp-json\/wp\/v2\/comments?post=3944"}],"version-history":[{"count":10,"href":"https:\/\/www.eltern-forum.at\/ratgeber-news\/wp-json\/wp\/v2\/posts\/3944\/revisions"}],"predecessor-version":[{"id":5704,"href":"https:\/\/www.eltern-forum.at\/ratgeber-news\/wp-json\/wp\/v2\/posts\/3944\/revisions\/5704"}],"wp:featuredmedia":[{"embeddable":true,"href":"https:\/\/www.eltern-forum.at\/ratgeber-news\/wp-json\/wp\/v2\/media\/3945"}],"wp:attachment":[{"href":"https:\/\/www.eltern-forum.at\/ratgeber-news\/wp-json\/wp\/v2\/media?parent=3944"}],"wp:term":[{"taxonomy":"category","embeddable":true,"href":"https:\/\/www.eltern-forum.at\/ratgeber-news\/wp-json\/wp\/v2\/categories?post=3944"},{"taxonomy":"post_tag","embeddable":true,"href":"https:\/\/www.eltern-forum.at\/ratgeber-news\/wp-json\/wp\/v2\/tags?post=3944"}],"curies":[{"name":"wp","href":"https:\/\/api.w.org\/{rel}","templated":true}]}}