{"id":4405,"date":"2020-02-06T22:02:41","date_gmt":"2020-02-06T20:02:41","guid":{"rendered":"https:\/\/www.eltern-forum.at\/ratgeber-news\/?p=4405"},"modified":"2020-02-06T22:02:41","modified_gmt":"2020-02-06T20:02:41","slug":"wenn-das-kind-bei-den-grosseltern-uebernachten-moechte","status":"publish","type":"post","link":"https:\/\/www.eltern-forum.at\/ratgeber-news\/wenn-das-kind-bei-den-grosseltern-uebernachten-moechte\/","title":{"rendered":"Wenn das Kind bei den Gro\u00dfeltern \u00fcbernachten m\u00f6chte"},"content":{"rendered":"<p>Es kommt der Tag, da m\u00f6chte das eigene Kind bei den Gro\u00dfeltern \u00fcbernachten. Dieses Kapitel ist ein einschneidender Moment, der auch sehr emotional werden kann &#8211; vor allem, wenn es das erste Mal ist.<\/p>\n<p><img decoding=\"async\" class=\"aligncenter size-full wp-image-4406\" src=\"https:\/\/www.eltern-forum.at\/ratgeber-news\/wp-content\/uploads\/2020\/02\/kind-schlaeft-bei-oma.jpg\" alt=\"\" width=\"750\" height=\"525\" srcset=\"https:\/\/www.eltern-forum.at\/ratgeber-news\/wp-content\/uploads\/2020\/02\/kind-schlaeft-bei-oma.jpg 750w, https:\/\/www.eltern-forum.at\/ratgeber-news\/wp-content\/uploads\/2020\/02\/kind-schlaeft-bei-oma-300x210.jpg 300w\" sizes=\"(max-width: 750px) 100vw, 750px\" \/><\/p>\n<p>Die Eltern sehen das mit gemischten Gef\u00fchlen. Zum einen freuen sie sich, da sie endlich mal ausspannen und ausschlafen k\u00f6nnen. Und zum anderen ist es einfach ein ganz neues Erlebnis, mit dem man sich erstmal zurechtfinden muss. Bevor die \u00dcbernachtungsparty, bei Oma und Opa, stattfinden kann, sollte man einiges beachten und organisieren. Anschlie\u00dfend habe alle ein gutes Gef\u00fchl und die \u00dcbernachtung kann starten.<\/p>\n<h2>Absprache mit der gesamten Familie &#8211; ein Muss bevor es losgehen kann<\/h2>\n<p>Damit auch wirklich alles glattlaufen kann, sollte man sich erstmal zusammensetzen und einiges abkl\u00e4ren. Es bringt nichts, wenn alles durcheinander kommt, da somit alle Beteiligten gestresst sind. Details sind hier besonders wichtig, damit jeder seinen Ablauf kennt. Des Weiteren muss man dem Kind vermitteln, dass es am n\u00e4chsten Tag abgeholt wird. So hat das Kind weder Angst, noch ist es unruhig. Erkl\u00e4rt man seinem Kind alles genau, kann es sich auf die \u00dcbernachtung, bei den Gro\u00dfeltern, freuen.<\/p>\n<p>Empfehlenswert ist es auch, wenn die Gro\u00dfeltern dabei sind und zuh\u00f6ren. Sie k\u00f6nnen dann auch gleich den Tag, mit dem Kind, planen und so steigt auch die Vorfreude. H\u00e4lt man sich daran, so wird die \u00dcbernachtung ein gro\u00dfer Erfolg und die Eltern k\u00f6nnen sich auch ein wenig zur\u00fccklehnen.<br \/>\nDas Ganze hat auch einen positiven Beigeschmack &#8211; durch die \u00dcbernachtung, bei Oma und Opa, steigt gleichzeitig das Selbstbewusstsein des Kindes. Das Kind ist stolz auf sich und f\u00fchlt sich besonders gut, da es die Nacht ohne die Eltern verbringen kann.<\/p>\n<h2>Klare Regeln sind wichtig, aber es darf ruhig ein bisschen mehr sein<\/h2>\n<p>Kinder lieben es eigentlich immer, wenn es zu Oma und Opa geht. Das liegt wohl daran, dass die Kleinen auch ein wenig mehr d\u00fcrfen. Wichtig ist vorab: Die Grundregeln, die es bei den Eltern gibt, sollten eingehalten werden.<\/p>\n<p class=\"info grey_bg\">Aber manchmal kann man auch ein Auge zudr\u00fccken und dem Kind ein wenig mehr gew\u00e4hren. Das ist wohl auch das Sch\u00f6ne bei den Gro\u00dfeltern. So wie die Eltern, k\u00f6nnen auch die Kinder, ein wenig abschalten.<\/p>\n<p>An erster Stelle steht ein Verw\u00f6hnprogramm an. F\u00fcr das Kind aber auch f\u00fcr die Gro\u00dfeltern ist das eine sympathische Abwechslung. Vor allem, wenn es die erste \u00dcbernachtung ist, darf das ausgiebig zelebriert werden &#8211; eine hervorragende Idee, da sich die Kleinen besonders freuen, wenn die n\u00e4chste \u00dcbernachtung ansteht.<\/p>\n<p>Wie sie den Tag gemeinsam planen ist ihre Sache und da sollten sich die Eltern auch nicht einmischen. Etwas S\u00fc\u00dfes zum Nachtisch, etwas l\u00e4nger Fernsehen und eine Kissenschlacht geh\u00f6rt wohl dazu, damit die \u00dcbernachtung, zu einem unvergesslichen Erlebnis wird.<\/p>\n<h2>Erreichbarkeit sind das A und O<\/h2>\n<p>Die Eltern wissen genau &#8211; bei Oma und Opa ist das Kind in guten H\u00e4nden. Jedoch ist es wichtig, dass beide jeder Zeit erreichbar sein m\u00fcssen. Die Nummern der Gro\u00dfeltern sollten im Hand aber auch im Telefonbuch stehen &#8211; und das ganz oben in der Liste. M\u00f6chte man an diesem kinderfreien Abend ausgehen und ist es die erste \u00dcbernachtung, so sollte man eventuell sich in der N\u00e4he aufhalten. Nat\u00fcrlich wird alles gut gehen, aber man sollte doch auf Nummer sicher gehen, da es f\u00fcr das Kind eine komplett neue Situation ist.<br \/>\nFalls dann doch das Handy ausgehen sollte, hat man die Telefonnummer immer noch im Telefonbuch zu stehen und das gibt ein gutes Gef\u00fchl.<\/p>\n<p>Wer sich komplett auf die sichere Seite stellen m\u00f6chte, der kann den Gro\u00dfeltern folgende Telefonnummer noch aufschreiben:<\/p>\n<ul class=\"termine\">\n<li>Telefonnummer der naheliegenden Kinderklinik<\/li>\n<li>Telefonnummer des aktuellen Kinderarztes<\/li>\n<li>Telefonnummer der Vergiftungszentrale<\/li>\n<\/ul>\n<h2>Das gemeinsame Packen der Tasche, l\u00e4sst Vorfreude wecken<\/h2>\n<p>Der besondere Tag steht bevor und alle sind total gespannt, wie es laufen wird. Man unterh\u00e4lt sich und das Kind erz\u00e4hlt, was es gerne mit Oma und Opa machen m\u00f6chte. So langsam erkennt man das strahlende L\u00e4cheln des Kindes und das l\u00e4sst Elternherzen h\u00f6her schlagen. Vor allem sind die Kleinen besonders stolz, da sie ohne Mama und Papa, woanders \u00fcbernachten werden. Ein Moment, der sich positiv auf die Entwicklung des Kindes \u00fcbertragen l\u00e4sst.<\/p>\n<p>Bevor es aber losgehen kann, muss die Tasche gepackt werden. Da kommt so einiges zusammen und es kann schnell was vergessen werden. Aber was muss mit?<\/p>\n<ul class=\"termine\">\n<li>Lieblingsspielzeug<\/li>\n<li>2 Lieblingsb\u00fccher (darunter auch ein Gute-Nacht-Buch)<\/li>\n<li>Kuscheldecke , Knuddelkissen oder Lieblings-Pl\u00fcschtier<\/li>\n<li>Haarb\u00fcrste oder Kamm<\/li>\n<li>Zahnb\u00fcrste und Zahncreme<\/li>\n<li>Feuchtt\u00fccher und ausreichend Windeln (falls notwendig)<\/li>\n<li>Wasserdichte Betteinlage (falls notwendig)<\/li>\n<li>Unterhosen und Unterhemden<\/li>\n<li>Pyjamas oder Nachthemd (Abh\u00e4ngig von der Jahreszeit &#8211; kurz- oder lang \u00e4rmlig)<\/li>\n<li>Socken und\/oder Strumpfhosen<\/li>\n<li>Jogginghosen<\/li>\n<li>Jeanshosen und\/oder Shorts<\/li>\n<li>4 T-Shirts<\/li>\n<li>2 Pullover<\/li>\n<li>Hausapotheke (optional)<\/li>\n<\/ul>\n<h2>Ist mein Kind reif genug?<\/h2>\n<p>Ist man am Planen und hat die erste \u00dcbernachtung noch gar nicht stattgefunden, macht man sich nat\u00fcrlich auch einige Gedanken &#8211; \u201cf\u00fchlt sich mein Kind bereit dazu\u201d? oder \u201cM\u00f6chte das mein Kind \u00fcberhaupt?\u201d. Um das herauszubekommen, sollte man sich mit dem Kind zusammensetzen und in Ruhe dar\u00fcber reden. Man muss hier ganz deutlich auf die Bed\u00fcrfnisse des Kindes eingehen, sonst braucht man die \u00dcbernachtung gar nicht zu planen. Es gibt nat\u00fcrlich auch Eltern, die einfach ihre Ruhe brauchen und schieben die Kinder dann gern zu den Gro\u00dfeltern &#8211; das ist ein fataler Fehler, den man auf keinen Fall machen sollte. Auch das \u00dcberreden bringt nichts &#8211; es ist eher kontraproduktiv und kann f\u00fcr die Entwicklung, des Kindes, starke Folgen haben. Erst wenn das Kind wirklich Lust darauf hat und es, aus eigenen St\u00fccken, \u00fcbernachten m\u00f6chte, dann kann es auch losgehen.<\/p>\n<p class=\"hervorhebung\">Wichtig ist, dem Kind zu vermitteln, dass seine Eltern in der N\u00e4he und immer erreichbar sind. Auch das es keine Angst haben muss, da es mit den Gro\u00dfeltern viel Spa\u00df haben wird.<\/p>\n<p>Und wenn das Kind wei\u00df &#8211; Mama und Papa kommen am n\u00e4chsten Tag wieder, dann kann der \u00dcbernachtung nichts mehr im Wege stehen.<br \/>\nAm Ende sind alle gl\u00fccklich und die Eltern k\u00f6nnen ihre Akkus wieder aufladen.<\/p>\n","protected":false},"excerpt":{"rendered":"<p>Es kommt der Tag, da m\u00f6chte das eigene Kind bei den Gro\u00dfeltern \u00fcbernachten. Dieses Kapitel ist ein einschneidender Moment, der auch sehr emotional werden&#8230;<\/p>\n","protected":false},"author":3,"featured_media":0,"comment_status":"open","ping_status":"open","sticky":false,"template":"","format":"standard","meta":{"inline_featured_image":false,"_kad_blocks_custom_css":"","_kad_blocks_head_custom_js":"","_kad_blocks_body_custom_js":"","_kad_blocks_footer_custom_js":"","_kad_post_transparent":"","_kad_post_title":"","_kad_post_layout":"","_kad_post_sidebar_id":"","_kad_post_content_style":"","_kad_post_vertical_padding":"","_kad_post_feature":"","_kad_post_feature_position":"","_kad_post_header":false,"_kad_post_footer":false,"_kad_post_classname":"","footnotes":""},"categories":[16],"tags":[],"class_list":["post-4405","post","type-post","status-publish","format-standard","hentry","category-betreuung"],"yoast_head":"<!-- This site is optimized with the Yoast SEO plugin v27.5 - https:\/\/yoast.com\/product\/yoast-seo-wordpress\/ -->\n<title>Wenn das Kind bei den Gro\u00dfeltern \u00fcbernachten m\u00f6chte<\/title>\n<meta name=\"robots\" content=\"index, follow, max-snippet:-1, max-image-preview:large, max-video-preview:-1\" \/>\n<link rel=\"canonical\" href=\"https:\/\/www.eltern-forum.at\/ratgeber-news\/wenn-das-kind-bei-den-grosseltern-uebernachten-moechte\/\" \/>\n<meta property=\"og:locale\" content=\"de_DE\" \/>\n<meta property=\"og:type\" content=\"article\" \/>\n<meta property=\"og:title\" content=\"Wenn das Kind bei den Gro\u00dfeltern \u00fcbernachten m\u00f6chte\" \/>\n<meta property=\"og:description\" content=\"Es kommt der Tag, da m\u00f6chte das eigene Kind bei den Gro\u00dfeltern \u00fcbernachten. Dieses Kapitel ist ein einschneidender Moment, der auch sehr emotional werden...\" \/>\n<meta property=\"og:url\" content=\"https:\/\/www.eltern-forum.at\/ratgeber-news\/wenn-das-kind-bei-den-grosseltern-uebernachten-moechte\/\" \/>\n<meta property=\"og:site_name\" content=\"Eltern Ratgeber News\" \/>\n<meta property=\"article:published_time\" content=\"2020-02-06T20:02:41+00:00\" \/>\n<meta property=\"og:image\" content=\"https:\/\/www.eltern-forum.at\/ratgeber-news\/wp-content\/uploads\/2020\/02\/kind-schlaeft-bei-oma.jpg\" \/>\n<meta name=\"author\" content=\"Lea Himmel\" \/>\n<meta name=\"twitter:label1\" content=\"Verfasst von\" \/>\n\t<meta name=\"twitter:data1\" content=\"Lea Himmel\" \/>\n\t<meta name=\"twitter:label2\" content=\"Gesch\u00e4tzte Lesezeit\" \/>\n\t<meta name=\"twitter:data2\" content=\"5\u00a0Minuten\" \/>\n<script type=\"application\/ld+json\" class=\"yoast-schema-graph\">{\"@context\":\"https:\\\/\\\/schema.org\",\"@graph\":[{\"@type\":\"Article\",\"@id\":\"https:\\\/\\\/www.eltern-forum.at\\\/ratgeber-news\\\/wenn-das-kind-bei-den-grosseltern-uebernachten-moechte\\\/#article\",\"isPartOf\":{\"@id\":\"https:\\\/\\\/www.eltern-forum.at\\\/ratgeber-news\\\/wenn-das-kind-bei-den-grosseltern-uebernachten-moechte\\\/\"},\"author\":{\"name\":\"Lea Himmel\",\"@id\":\"https:\\\/\\\/www.eltern-forum.at\\\/ratgeber-news\\\/#\\\/schema\\\/person\\\/0aa87ae35513ed5ac527b597339d87aa\"},\"headline\":\"Wenn das Kind bei den Gro\u00dfeltern \u00fcbernachten m\u00f6chte\",\"datePublished\":\"2020-02-06T20:02:41+00:00\",\"mainEntityOfPage\":{\"@id\":\"https:\\\/\\\/www.eltern-forum.at\\\/ratgeber-news\\\/wenn-das-kind-bei-den-grosseltern-uebernachten-moechte\\\/\"},\"wordCount\":1050,\"commentCount\":0,\"publisher\":{\"@id\":\"https:\\\/\\\/www.eltern-forum.at\\\/ratgeber-news\\\/#organization\"},\"image\":{\"@id\":\"https:\\\/\\\/www.eltern-forum.at\\\/ratgeber-news\\\/wenn-das-kind-bei-den-grosseltern-uebernachten-moechte\\\/#primaryimage\"},\"thumbnailUrl\":\"https:\\\/\\\/www.eltern-forum.at\\\/ratgeber-news\\\/wp-content\\\/uploads\\\/2020\\\/02\\\/kind-schlaeft-bei-oma.jpg\",\"articleSection\":[\"Betreuung\"],\"inLanguage\":\"de\",\"potentialAction\":[{\"@type\":\"CommentAction\",\"name\":\"Comment\",\"target\":[\"https:\\\/\\\/www.eltern-forum.at\\\/ratgeber-news\\\/wenn-das-kind-bei-den-grosseltern-uebernachten-moechte\\\/#respond\"]}]},{\"@type\":\"WebPage\",\"@id\":\"https:\\\/\\\/www.eltern-forum.at\\\/ratgeber-news\\\/wenn-das-kind-bei-den-grosseltern-uebernachten-moechte\\\/\",\"url\":\"https:\\\/\\\/www.eltern-forum.at\\\/ratgeber-news\\\/wenn-das-kind-bei-den-grosseltern-uebernachten-moechte\\\/\",\"name\":\"Wenn das Kind bei den Gro\u00dfeltern \u00fcbernachten m\u00f6chte\",\"isPartOf\":{\"@id\":\"https:\\\/\\\/www.eltern-forum.at\\\/ratgeber-news\\\/#website\"},\"primaryImageOfPage\":{\"@id\":\"https:\\\/\\\/www.eltern-forum.at\\\/ratgeber-news\\\/wenn-das-kind-bei-den-grosseltern-uebernachten-moechte\\\/#primaryimage\"},\"image\":{\"@id\":\"https:\\\/\\\/www.eltern-forum.at\\\/ratgeber-news\\\/wenn-das-kind-bei-den-grosseltern-uebernachten-moechte\\\/#primaryimage\"},\"thumbnailUrl\":\"https:\\\/\\\/www.eltern-forum.at\\\/ratgeber-news\\\/wp-content\\\/uploads\\\/2020\\\/02\\\/kind-schlaeft-bei-oma.jpg\",\"datePublished\":\"2020-02-06T20:02:41+00:00\",\"inLanguage\":\"de\",\"potentialAction\":[{\"@type\":\"ReadAction\",\"target\":[\"https:\\\/\\\/www.eltern-forum.at\\\/ratgeber-news\\\/wenn-das-kind-bei-den-grosseltern-uebernachten-moechte\\\/\"]}]},{\"@type\":\"ImageObject\",\"inLanguage\":\"de\",\"@id\":\"https:\\\/\\\/www.eltern-forum.at\\\/ratgeber-news\\\/wenn-das-kind-bei-den-grosseltern-uebernachten-moechte\\\/#primaryimage\",\"url\":\"https:\\\/\\\/www.eltern-forum.at\\\/ratgeber-news\\\/wp-content\\\/uploads\\\/2020\\\/02\\\/kind-schlaeft-bei-oma.jpg\",\"contentUrl\":\"https:\\\/\\\/www.eltern-forum.at\\\/ratgeber-news\\\/wp-content\\\/uploads\\\/2020\\\/02\\\/kind-schlaeft-bei-oma.jpg\",\"width\":750,\"height\":525},{\"@type\":\"WebSite\",\"@id\":\"https:\\\/\\\/www.eltern-forum.at\\\/ratgeber-news\\\/#website\",\"url\":\"https:\\\/\\\/www.eltern-forum.at\\\/ratgeber-news\\\/\",\"name\":\"Eltern Ratgeber News\",\"description\":\"ein Projekt von eltern-forum.at\",\"publisher\":{\"@id\":\"https:\\\/\\\/www.eltern-forum.at\\\/ratgeber-news\\\/#organization\"},\"potentialAction\":[{\"@type\":\"SearchAction\",\"target\":{\"@type\":\"EntryPoint\",\"urlTemplate\":\"https:\\\/\\\/www.eltern-forum.at\\\/ratgeber-news\\\/?s={search_term_string}\"},\"query-input\":{\"@type\":\"PropertyValueSpecification\",\"valueRequired\":true,\"valueName\":\"search_term_string\"}}],\"inLanguage\":\"de\"},{\"@type\":\"Organization\",\"@id\":\"https:\\\/\\\/www.eltern-forum.at\\\/ratgeber-news\\\/#organization\",\"name\":\"Eltern Ratgeber News\",\"url\":\"https:\\\/\\\/www.eltern-forum.at\\\/ratgeber-news\\\/\",\"logo\":{\"@type\":\"ImageObject\",\"inLanguage\":\"de\",\"@id\":\"https:\\\/\\\/www.eltern-forum.at\\\/ratgeber-news\\\/#\\\/schema\\\/logo\\\/image\\\/\",\"url\":\"https:\\\/\\\/www.eltern-forum.at\\\/ratgeber-news\\\/wp-content\\\/uploads\\\/2022\\\/12\\\/eltern-forum-logo.svg\",\"contentUrl\":\"https:\\\/\\\/www.eltern-forum.at\\\/ratgeber-news\\\/wp-content\\\/uploads\\\/2022\\\/12\\\/eltern-forum-logo.svg\",\"width\":350,\"height\":80,\"caption\":\"Eltern Ratgeber News\"},\"image\":{\"@id\":\"https:\\\/\\\/www.eltern-forum.at\\\/ratgeber-news\\\/#\\\/schema\\\/logo\\\/image\\\/\"}},{\"@type\":\"Person\",\"@id\":\"https:\\\/\\\/www.eltern-forum.at\\\/ratgeber-news\\\/#\\\/schema\\\/person\\\/0aa87ae35513ed5ac527b597339d87aa\",\"name\":\"Lea Himmel\",\"description\":\"Seit meiner ersten Schwangerschaft besch\u00e4ftige ich mich mit vielen Fragen rund ums Eltern-werden. Ich habe das eltern-forum.at im Jahr 2005 zum Informationsaustausch gegr\u00fcndet. Ich als zweifache Mami und meine Freundinnen und Freunde berichten hier \u00fcber Erfahrungen.\",\"url\":\"https:\\\/\\\/www.eltern-forum.at\\\/ratgeber-news\\\/author\\\/mediennetzwerk\\\/\"}]}<\/script>\n<!-- \/ Yoast SEO plugin. -->","yoast_head_json":{"title":"Wenn das Kind bei den Gro\u00dfeltern \u00fcbernachten m\u00f6chte","robots":{"index":"index","follow":"follow","max-snippet":"max-snippet:-1","max-image-preview":"max-image-preview:large","max-video-preview":"max-video-preview:-1"},"canonical":"https:\/\/www.eltern-forum.at\/ratgeber-news\/wenn-das-kind-bei-den-grosseltern-uebernachten-moechte\/","og_locale":"de_DE","og_type":"article","og_title":"Wenn das Kind bei den Gro\u00dfeltern \u00fcbernachten m\u00f6chte","og_description":"Es kommt der Tag, da m\u00f6chte das eigene Kind bei den Gro\u00dfeltern \u00fcbernachten. Dieses Kapitel ist ein einschneidender Moment, der auch sehr emotional werden...","og_url":"https:\/\/www.eltern-forum.at\/ratgeber-news\/wenn-das-kind-bei-den-grosseltern-uebernachten-moechte\/","og_site_name":"Eltern Ratgeber News","article_published_time":"2020-02-06T20:02:41+00:00","og_image":[{"url":"https:\/\/www.eltern-forum.at\/ratgeber-news\/wp-content\/uploads\/2020\/02\/kind-schlaeft-bei-oma.jpg","type":"","width":"","height":""}],"author":"Lea Himmel","twitter_misc":{"Verfasst von":"Lea Himmel","Gesch\u00e4tzte Lesezeit":"5\u00a0Minuten"},"schema":{"@context":"https:\/\/schema.org","@graph":[{"@type":"Article","@id":"https:\/\/www.eltern-forum.at\/ratgeber-news\/wenn-das-kind-bei-den-grosseltern-uebernachten-moechte\/#article","isPartOf":{"@id":"https:\/\/www.eltern-forum.at\/ratgeber-news\/wenn-das-kind-bei-den-grosseltern-uebernachten-moechte\/"},"author":{"name":"Lea Himmel","@id":"https:\/\/www.eltern-forum.at\/ratgeber-news\/#\/schema\/person\/0aa87ae35513ed5ac527b597339d87aa"},"headline":"Wenn das Kind bei den Gro\u00dfeltern \u00fcbernachten m\u00f6chte","datePublished":"2020-02-06T20:02:41+00:00","mainEntityOfPage":{"@id":"https:\/\/www.eltern-forum.at\/ratgeber-news\/wenn-das-kind-bei-den-grosseltern-uebernachten-moechte\/"},"wordCount":1050,"commentCount":0,"publisher":{"@id":"https:\/\/www.eltern-forum.at\/ratgeber-news\/#organization"},"image":{"@id":"https:\/\/www.eltern-forum.at\/ratgeber-news\/wenn-das-kind-bei-den-grosseltern-uebernachten-moechte\/#primaryimage"},"thumbnailUrl":"https:\/\/www.eltern-forum.at\/ratgeber-news\/wp-content\/uploads\/2020\/02\/kind-schlaeft-bei-oma.jpg","articleSection":["Betreuung"],"inLanguage":"de","potentialAction":[{"@type":"CommentAction","name":"Comment","target":["https:\/\/www.eltern-forum.at\/ratgeber-news\/wenn-das-kind-bei-den-grosseltern-uebernachten-moechte\/#respond"]}]},{"@type":"WebPage","@id":"https:\/\/www.eltern-forum.at\/ratgeber-news\/wenn-das-kind-bei-den-grosseltern-uebernachten-moechte\/","url":"https:\/\/www.eltern-forum.at\/ratgeber-news\/wenn-das-kind-bei-den-grosseltern-uebernachten-moechte\/","name":"Wenn das Kind bei den Gro\u00dfeltern \u00fcbernachten m\u00f6chte","isPartOf":{"@id":"https:\/\/www.eltern-forum.at\/ratgeber-news\/#website"},"primaryImageOfPage":{"@id":"https:\/\/www.eltern-forum.at\/ratgeber-news\/wenn-das-kind-bei-den-grosseltern-uebernachten-moechte\/#primaryimage"},"image":{"@id":"https:\/\/www.eltern-forum.at\/ratgeber-news\/wenn-das-kind-bei-den-grosseltern-uebernachten-moechte\/#primaryimage"},"thumbnailUrl":"https:\/\/www.eltern-forum.at\/ratgeber-news\/wp-content\/uploads\/2020\/02\/kind-schlaeft-bei-oma.jpg","datePublished":"2020-02-06T20:02:41+00:00","inLanguage":"de","potentialAction":[{"@type":"ReadAction","target":["https:\/\/www.eltern-forum.at\/ratgeber-news\/wenn-das-kind-bei-den-grosseltern-uebernachten-moechte\/"]}]},{"@type":"ImageObject","inLanguage":"de","@id":"https:\/\/www.eltern-forum.at\/ratgeber-news\/wenn-das-kind-bei-den-grosseltern-uebernachten-moechte\/#primaryimage","url":"https:\/\/www.eltern-forum.at\/ratgeber-news\/wp-content\/uploads\/2020\/02\/kind-schlaeft-bei-oma.jpg","contentUrl":"https:\/\/www.eltern-forum.at\/ratgeber-news\/wp-content\/uploads\/2020\/02\/kind-schlaeft-bei-oma.jpg","width":750,"height":525},{"@type":"WebSite","@id":"https:\/\/www.eltern-forum.at\/ratgeber-news\/#website","url":"https:\/\/www.eltern-forum.at\/ratgeber-news\/","name":"Eltern Ratgeber News","description":"ein Projekt von eltern-forum.at","publisher":{"@id":"https:\/\/www.eltern-forum.at\/ratgeber-news\/#organization"},"potentialAction":[{"@type":"SearchAction","target":{"@type":"EntryPoint","urlTemplate":"https:\/\/www.eltern-forum.at\/ratgeber-news\/?s={search_term_string}"},"query-input":{"@type":"PropertyValueSpecification","valueRequired":true,"valueName":"search_term_string"}}],"inLanguage":"de"},{"@type":"Organization","@id":"https:\/\/www.eltern-forum.at\/ratgeber-news\/#organization","name":"Eltern Ratgeber News","url":"https:\/\/www.eltern-forum.at\/ratgeber-news\/","logo":{"@type":"ImageObject","inLanguage":"de","@id":"https:\/\/www.eltern-forum.at\/ratgeber-news\/#\/schema\/logo\/image\/","url":"https:\/\/www.eltern-forum.at\/ratgeber-news\/wp-content\/uploads\/2022\/12\/eltern-forum-logo.svg","contentUrl":"https:\/\/www.eltern-forum.at\/ratgeber-news\/wp-content\/uploads\/2022\/12\/eltern-forum-logo.svg","width":350,"height":80,"caption":"Eltern Ratgeber News"},"image":{"@id":"https:\/\/www.eltern-forum.at\/ratgeber-news\/#\/schema\/logo\/image\/"}},{"@type":"Person","@id":"https:\/\/www.eltern-forum.at\/ratgeber-news\/#\/schema\/person\/0aa87ae35513ed5ac527b597339d87aa","name":"Lea Himmel","description":"Seit meiner ersten Schwangerschaft besch\u00e4ftige ich mich mit vielen Fragen rund ums Eltern-werden. Ich habe das eltern-forum.at im Jahr 2005 zum Informationsaustausch gegr\u00fcndet. Ich als zweifache Mami und meine Freundinnen und Freunde berichten hier \u00fcber Erfahrungen.","url":"https:\/\/www.eltern-forum.at\/ratgeber-news\/author\/mediennetzwerk\/"}]}},"taxonomy_info":{"category":[{"value":16,"label":"Betreuung"}]},"featured_image_src_large":false,"author_info":{"display_name":"Lea Himmel","author_link":"https:\/\/www.eltern-forum.at\/ratgeber-news\/author\/mediennetzwerk\/"},"comment_info":0,"category_info":[{"term_id":16,"name":"Betreuung","slug":"betreuung","term_group":0,"term_taxonomy_id":16,"taxonomy":"category","description":"Wenn dein Kind in den Kindergarten kommt, stellen sich nicht nur f\u00fcr dich, sondern auch f\u00fcr dein Kind neue Herausforderungen. In diesem Blog findest du Tipps und Infos rund um das Thema Kinderbetreuung \u2013 von der Wahl der richtigen Tagesmutter, Kindergarten bis zum Start in die Schule.\r\n<h2>Thema Betreuung, Kindergarten, Tagesmutter oder-vater<\/h2>\r\nIn einem unserem letzten Artikel haben wir \u00fcber die Bedeutung der Vereinbarkeit von Familie und Beruf gesprochen. Dies ist ein Thema, das f\u00fcr viele Eltern relevant ist. Viele Familien entscheiden sich f\u00fcr eine Kinderbetreuung, weil sie den Anspr\u00fcchen an ihren Beruf nicht mehr gerecht werden k\u00f6nnen. Doch welche Kinderbetreuung ist die Richtige f\u00fcr mein Kind? In diesem Magazin stellen wir Ihnen verschiedene Modelle der Kinderbetreuung vor und geben Ihnen hilfreiche Tipps, damit Sie die richtige Entscheidung treffen k\u00f6nnen.","parent":0,"count":31,"filter":"raw","cat_ID":16,"category_count":31,"category_description":"Wenn dein Kind in den Kindergarten kommt, stellen sich nicht nur f\u00fcr dich, sondern auch f\u00fcr dein Kind neue Herausforderungen. In diesem Blog findest du Tipps und Infos rund um das Thema Kinderbetreuung \u2013 von der Wahl der richtigen Tagesmutter, Kindergarten bis zum Start in die Schule.\r\n<h2>Thema Betreuung, Kindergarten, Tagesmutter oder-vater<\/h2>\r\nIn einem unserem letzten Artikel haben wir \u00fcber die Bedeutung der Vereinbarkeit von Familie und Beruf gesprochen. Dies ist ein Thema, das f\u00fcr viele Eltern relevant ist. Viele Familien entscheiden sich f\u00fcr eine Kinderbetreuung, weil sie den Anspr\u00fcchen an ihren Beruf nicht mehr gerecht werden k\u00f6nnen. Doch welche Kinderbetreuung ist die Richtige f\u00fcr mein Kind? In diesem Magazin stellen wir Ihnen verschiedene Modelle der Kinderbetreuung vor und geben Ihnen hilfreiche Tipps, damit Sie die richtige Entscheidung treffen k\u00f6nnen.","cat_name":"Betreuung","category_nicename":"betreuung","category_parent":0}],"tag_info":false,"_links":{"self":[{"href":"https:\/\/www.eltern-forum.at\/ratgeber-news\/wp-json\/wp\/v2\/posts\/4405","targetHints":{"allow":["GET"]}}],"collection":[{"href":"https:\/\/www.eltern-forum.at\/ratgeber-news\/wp-json\/wp\/v2\/posts"}],"about":[{"href":"https:\/\/www.eltern-forum.at\/ratgeber-news\/wp-json\/wp\/v2\/types\/post"}],"author":[{"embeddable":true,"href":"https:\/\/www.eltern-forum.at\/ratgeber-news\/wp-json\/wp\/v2\/users\/3"}],"replies":[{"embeddable":true,"href":"https:\/\/www.eltern-forum.at\/ratgeber-news\/wp-json\/wp\/v2\/comments?post=4405"}],"version-history":[{"count":0,"href":"https:\/\/www.eltern-forum.at\/ratgeber-news\/wp-json\/wp\/v2\/posts\/4405\/revisions"}],"wp:attachment":[{"href":"https:\/\/www.eltern-forum.at\/ratgeber-news\/wp-json\/wp\/v2\/media?parent=4405"}],"wp:term":[{"taxonomy":"category","embeddable":true,"href":"https:\/\/www.eltern-forum.at\/ratgeber-news\/wp-json\/wp\/v2\/categories?post=4405"},{"taxonomy":"post_tag","embeddable":true,"href":"https:\/\/www.eltern-forum.at\/ratgeber-news\/wp-json\/wp\/v2\/tags?post=4405"}],"curies":[{"name":"wp","href":"https:\/\/api.w.org\/{rel}","templated":true}]}}