{"id":5120,"date":"2023-03-03T13:29:54","date_gmt":"2023-03-03T11:29:54","guid":{"rendered":"https:\/\/www.eltern-forum.at\/ratgeber-news\/?p=5120"},"modified":"2023-03-03T13:29:55","modified_gmt":"2023-03-03T11:29:55","slug":"ab-in-die-berge-familienfreundlicher-aktivurlaub-mit-kindern","status":"publish","type":"post","link":"https:\/\/www.eltern-forum.at\/ratgeber-news\/ab-in-die-berge-familienfreundlicher-aktivurlaub-mit-kindern\/","title":{"rendered":"Ab in die Berge &#8211; familienfreundlicher Aktivurlaub mit Kindern"},"content":{"rendered":"\n<p>Mit der ganzen Familie die Bergwelt bezwingen, nach Herzenslust kraxeln, wandern, schwimmen und toben &#8211; das ist ein Urlaub mit Kindern, wie man ihn nur in den \u00f6sterreichischen Bergen erleben kann.<\/p>\n\n\n\n<p class=\"has-theme-palette-8-background-color has-background\">Im <strong>Winter <\/strong>kann man sich herrlich bei einer gem\u00fctlichen Schlittenfahrt entspannen, sich bei einer rasanten Skiabfahrt oder beim Rodeln austoben und im <strong>Sommer <\/strong>in kristallklaren Seen schwimmen oder nach dem Wandern eine herzhafte Jause auf der Alm genie\u00dfen.<\/p>\n\n\n\n<p>Eine traditionsbewusste und zugleich eine besonders aktive Region in \u00d6sterreich ist das Zillertal, ein s\u00fcdliches Seitental in Tirol. Es wird im Westen von den Tuxer Alpen und im Osten von den Kitzb\u00fcheler Alpen flankiert, w\u00e4hrend der kr\u00f6nende Talabschluss der beeindruckende Hintertuxer Gletscher bildet. Dieses Skigebiet ist als einziges in \u00d6sterreich das ganze Jahr \u00fcber ge\u00f6ffnet.<\/p>\n\n\n\n<h2 class=\"wp-block-heading\">Urlaub auf einem Abenteuerbauerhof &#8211; jeden Tag etwas Neues erleben und aktiv sein<\/h2>\n\n\n\n<p>Ein Urlaub im Tiroler Zillertal ist pures Naturerlebnis. Denn im Sommer als auch im Winter zeigen sich die Berge in einem einmaligen Panorama und bieten beste Erholung in klarer Bergluft. <a href=\"https:\/\/www.farmresort.at\/kinderparadies\" target=\"_blank\" rel=\"noopener\">Das Zillertal eignet sich wunderbar mit Kindern<\/a>, um einen Abenteuerurlaub zu verbringen. Hier k\u00f6nnen gef\u00fchrte Rafting Touren durch wilde Schluchten erlebt, ein Tag im Klettergarten verbracht oder der Hochgebirgs-Naturpark Zillertaler Alpen beim Wandern mit seinen 80 Gletschern sowie zahlreichen Dreitausender-Gipfeln mit dem Hochfeiler (3.509 Meter) bestaunt werden.<\/p>\n\n\n\n<p>Erlebnisreich und einzigartig ist aber der Urlaub mit den Kindern auf einem Abenteuerbauernhof, auf dem sie selbst einmal Bauer sein und Tiere f\u00fcttern und K\u00fche melden d\u00fcrfen. In einem solchen Farm <a href=\"https:\/\/www.wirtschafts-abc.com\/tourismus-resort\" target=\"_blank\" rel=\"noopener\">Resort<\/a> im Zillertal warten au\u00dferdem zum richtigen Austoben ein Abenteuerspielplatz (mit Slacklines, Trampolin, Kletterwand &amp; Co.) im Streichelzoo ganz viele Tiere auf Streicheleinheiten.<\/p>\n\n\n\n<figure class=\"wp-block-image size-large\"><a href=\"https:\/\/www.eltern-forum.at\/ratgeber-news\/wp-content\/uploads\/2023\/03\/kuehe-wanderung-zillertal.jpg\"><img decoding=\"async\" width=\"1024\" height=\"576\" src=\"https:\/\/www.eltern-forum.at\/ratgeber-news\/wp-content\/uploads\/2023\/03\/kuehe-wanderung-zillertal-1024x576.jpg\" alt=\"\" class=\"wp-image-5123\" srcset=\"https:\/\/www.eltern-forum.at\/ratgeber-news\/wp-content\/uploads\/2023\/03\/kuehe-wanderung-zillertal-1024x576.jpg 1024w, https:\/\/www.eltern-forum.at\/ratgeber-news\/wp-content\/uploads\/2023\/03\/kuehe-wanderung-zillertal-300x169.jpg 300w, https:\/\/www.eltern-forum.at\/ratgeber-news\/wp-content\/uploads\/2023\/03\/kuehe-wanderung-zillertal-768x432.jpg 768w, https:\/\/www.eltern-forum.at\/ratgeber-news\/wp-content\/uploads\/2023\/03\/kuehe-wanderung-zillertal.jpg 1200w\" sizes=\"(max-width: 1024px) 100vw, 1024px\" \/><\/a><figcaption class=\"wp-element-caption\">Urlaub im Zillertal: K\u00fchen auf der Weide zusehen oder sogar selber melken\u2026<\/figcaption><\/figure>\n\n\n\n<h2 class=\"wp-block-heading\">Aktiv sein &#8211; Familienaktivit\u00e4ten in den Bergen<\/h2>\n\n\n\n<p>Das Besondere an Ferien in den Bergen ist, dass hier die unterschiedlichsten Bed\u00fcrfnisse der Eltern und der Kinder erf\u00fcllt werden k\u00f6nnen: Denn es kommen Sportbegeisterte, Genussmenschen, Naturfans und Erlebnishungrige voll auf ihre Kosten. W\u00e4hrend man sich an einem Tag beim Mountainbiken, Skifahren, wandern oder klettern am\u00fcsiert, kann am n\u00e4chsten Tag jeder mal die Seele auf einer Bergwiese baumeln lassen, den vorbeiziehenden Wolken am blauen Himmel zuschauen oder die F\u00fc\u00dfe in einem kristallklaren Bergsee k\u00fchlen.<\/p>\n\n\n\n<p>Die Familie verbringt die Urlaubstage an der frischen Bergluft inmitten der Naturlandschaft und unternimmt Wanderungen bzw. Spazierg\u00e4nge. Wer in der <a href=\"https:\/\/www.eltern-forum.at\/ratgeber-news\/familienurlaub-in-oesterreich-welche-urlaubsziele-fuer-familien\/\">\u00f6sterreichischen Bergwelt<\/a> Urlaub macht, kann auch gar nicht anders, als stets aktiv sein. Denn es gibt da drau\u00dfen so vieles zu entdecken, was besonders Stadtmenschen ansonsten verborgen bleibt. Schon eine kleine Tour in die Berge reicht, um Tiere zu sehen, Almwiesen, seltene Pflanzen und die sch\u00f6nsten Gebirgspanoramen zu genie\u00dfen.<\/p>\n\n\n\n<figure class=\"wp-block-image size-large\"><a href=\"https:\/\/www.eltern-forum.at\/ratgeber-news\/wp-content\/uploads\/2023\/03\/familienwanderung-1.jpg\"><img decoding=\"async\" width=\"1024\" height=\"576\" src=\"https:\/\/www.eltern-forum.at\/ratgeber-news\/wp-content\/uploads\/2023\/03\/familienwanderung-1-1024x576.jpg\" alt=\"\" class=\"wp-image-5125\" srcset=\"https:\/\/www.eltern-forum.at\/ratgeber-news\/wp-content\/uploads\/2023\/03\/familienwanderung-1-1024x576.jpg 1024w, https:\/\/www.eltern-forum.at\/ratgeber-news\/wp-content\/uploads\/2023\/03\/familienwanderung-1-300x169.jpg 300w, https:\/\/www.eltern-forum.at\/ratgeber-news\/wp-content\/uploads\/2023\/03\/familienwanderung-1-768x432.jpg 768w, https:\/\/www.eltern-forum.at\/ratgeber-news\/wp-content\/uploads\/2023\/03\/familienwanderung-1.jpg 1200w\" sizes=\"(max-width: 1024px) 100vw, 1024px\" \/><\/a><figcaption class=\"wp-element-caption\">Mit den Kindern in der frischen Bergluft wandern.<\/figcaption><\/figure>\n\n\n\n<h2 class=\"wp-block-heading\">Auf was man beim Bergwandern mit den Kindern achten sollte<\/h2>\n\n\n\n<p>Mit den Kindern in den Bergen unterwegs zu sein ist f\u00fcr erfahrene Eltern ein wahrer Genuss, doch f\u00fcr Anf\u00e4nger und Einsteiger kann es auch zu einem echten Stresstest werden. Daher sollte man bei der Tour Planung und <a href=\"https:\/\/www.eltern-forum.at\/ratgeber-news\/tipps-fur-gemeinsame-familienaktivitaeten\/\">Familienaktivit\u00e4ten<\/a> in den Bergen einige wichtige Aspekte f\u00fcr die Wandertour mit Kindern ber\u00fccksichtigen:<\/p>\n\n\n\n<ul class=\"wp-block-list\">\n<li>Das Wandern in den Alpen mit Kindern erfordert vor allem feste <strong>Wander- oder Bergschuhe.<\/strong><\/li>\n\n\n\n<li>Ein <strong>Verpflegungsproviant<\/strong> sowie auch <strong>wind- und wasserabweisende Bergbekleidung<\/strong>. Gerade in den Bergen kommt es immer wieder am Nachmittag schnell zu Wetter\u00e4nderungen.<\/li>\n\n\n\n<li>Empfehlenswert f\u00fcr die Eltern sind <strong>Wanderst\u00f6cke<\/strong>, da sie die Gelenke entlasten und f\u00fcr Sicherheit im Gel\u00e4nde sorgen.<\/li>\n\n\n\n<li>Auf Wanderungen mitnehmen kann man auch Babys (kurze einfache Strecken), w\u00e4hrend Kleinkinder ab ca. zwei Jahren zwar einen geringen Teil der Tour selbst bew\u00e4ltigen k\u00f6nnen, sie dann aber auch gr\u00f6\u00dftenteils getragen werden m\u00fcssen.<\/li>\n\n\n\n<li><span style=\"font-family: var(--global-body-font-family);\">Selbst wandern k\u00f6nnen Kinder ab ca. vier Jahren, nat\u00fcrlich auch hier eher kurze Touren, mit sechs Jahren sind auch l\u00e4ngere Touren m\u00f6glich.<\/span><\/li>\n<\/ul>\n\n\n\n<h2 class=\"wp-block-heading\">Die Dauer einer Wanderung<\/h2>\n\n\n\n<p>Anfangs sollten Wanderungen nicht l\u00e4nger als ein bis zwei Stunden dauern, da sich alle Familienmitglieder erst einmal daran gew\u00f6hnen sollten. Wer eine Tour mit den Kindern plant, sollte sowohl die Strecke als auch die Zeit ber\u00fccksichtigen.<\/p>\n\n\n\n<p class=\"has-theme-palette-8-background-color has-background\">Als Faustregel empfiehlt der <a href=\"https:\/\/www.wanderverband.de\/\" target=\"_blank\" rel=\"noopener\">Deutsche Wanderverband<\/a> (DWV) die Wegl\u00e4nge = Lebensalter mal 1,5. Demnach halten Vierj\u00e4hrige rund sechs Kilometer, Sechsj\u00e4hrige rund neun Kilometer. Je 100 H\u00f6henmeter werden als ein Kilometer gewertet.<\/p>\n\n\n\n<p>Zu bedenken ist vor allem, dass sich eine Tour mit Kindern wesentlich langsamer gestaltet. Grunds\u00e4tzlich sollte deshalb dabei gelten, dass der Langsamste das Tempo der Wanderung bestimmt. Sind Eltern mit einem Kind in der Trage\/Kraxe unterwegs, sollte ber\u00fccksichtigt werden, dass es nicht stundenlang nur dort sitzen m\u00f6chte und auch nicht sollte.<\/p>\n","protected":false},"excerpt":{"rendered":"<p>Mit der ganzen Familie die Bergwelt bezwingen, nach Herzenslust kraxeln, wandern, schwimmen und toben &#8211; das ist ein Urlaub mit Kindern, wie man ihn&#8230;<\/p>\n","protected":false},"author":3,"featured_media":5124,"comment_status":"open","ping_status":"open","sticky":false,"template":"","format":"standard","meta":{"inline_featured_image":false,"_kad_blocks_custom_css":"","_kad_blocks_head_custom_js":"","_kad_blocks_body_custom_js":"","_kad_blocks_footer_custom_js":"","_kad_post_transparent":"default","_kad_post_title":"default","_kad_post_layout":"default","_kad_post_sidebar_id":"","_kad_post_content_style":"default","_kad_post_vertical_padding":"default","_kad_post_feature":"","_kad_post_feature_position":"","_kad_post_header":false,"_kad_post_footer":false,"_kad_post_classname":"","footnotes":""},"categories":[22],"tags":[],"class_list":["post-5120","post","type-post","status-publish","format-standard","has-post-thumbnail","hentry","category-freizeit"],"yoast_head":"<!-- This site is optimized with the Yoast SEO plugin v27.5 - https:\/\/yoast.com\/product\/yoast-seo-wordpress\/ -->\n<title>Ab in die Berge - familienfreundlicher Aktivurlaub mit Kindern<\/title>\n<meta name=\"robots\" content=\"index, follow, max-snippet:-1, max-image-preview:large, max-video-preview:-1\" \/>\n<link rel=\"canonical\" href=\"https:\/\/www.eltern-forum.at\/ratgeber-news\/ab-in-die-berge-familienfreundlicher-aktivurlaub-mit-kindern\/\" \/>\n<meta property=\"og:locale\" content=\"de_DE\" \/>\n<meta property=\"og:type\" content=\"article\" \/>\n<meta property=\"og:title\" content=\"Ab in die Berge - familienfreundlicher Aktivurlaub mit Kindern\" \/>\n<meta property=\"og:description\" content=\"Mit der ganzen Familie die Bergwelt bezwingen, nach Herzenslust kraxeln, wandern, schwimmen und toben &#8211; das ist ein Urlaub mit Kindern, wie man ihn...\" \/>\n<meta property=\"og:url\" content=\"https:\/\/www.eltern-forum.at\/ratgeber-news\/ab-in-die-berge-familienfreundlicher-aktivurlaub-mit-kindern\/\" \/>\n<meta property=\"og:site_name\" content=\"Eltern Ratgeber News\" \/>\n<meta property=\"article:published_time\" content=\"2023-03-03T11:29:54+00:00\" \/>\n<meta property=\"article:modified_time\" content=\"2023-03-03T11:29:55+00:00\" \/>\n<meta property=\"og:image\" content=\"https:\/\/www.eltern-forum.at\/ratgeber-news\/wp-content\/uploads\/2023\/03\/familienwanderung.jpg\" \/>\n\t<meta property=\"og:image:width\" content=\"1200\" \/>\n\t<meta property=\"og:image:height\" content=\"675\" \/>\n\t<meta property=\"og:image:type\" content=\"image\/jpeg\" \/>\n<meta name=\"author\" content=\"Lea Himmel\" \/>\n<meta name=\"twitter:label1\" content=\"Verfasst von\" \/>\n\t<meta name=\"twitter:data1\" content=\"Lea Himmel\" \/>\n\t<meta name=\"twitter:label2\" content=\"Gesch\u00e4tzte Lesezeit\" \/>\n\t<meta name=\"twitter:data2\" content=\"5\u00a0Minuten\" \/>\n<script type=\"application\/ld+json\" class=\"yoast-schema-graph\">{\"@context\":\"https:\\\/\\\/schema.org\",\"@graph\":[{\"@type\":\"Article\",\"@id\":\"https:\\\/\\\/www.eltern-forum.at\\\/ratgeber-news\\\/ab-in-die-berge-familienfreundlicher-aktivurlaub-mit-kindern\\\/#article\",\"isPartOf\":{\"@id\":\"https:\\\/\\\/www.eltern-forum.at\\\/ratgeber-news\\\/ab-in-die-berge-familienfreundlicher-aktivurlaub-mit-kindern\\\/\"},\"author\":{\"name\":\"Lea Himmel\",\"@id\":\"https:\\\/\\\/www.eltern-forum.at\\\/ratgeber-news\\\/#\\\/schema\\\/person\\\/0aa87ae35513ed5ac527b597339d87aa\"},\"headline\":\"Ab in die Berge &#8211; familienfreundlicher Aktivurlaub mit Kindern\",\"datePublished\":\"2023-03-03T11:29:54+00:00\",\"dateModified\":\"2023-03-03T11:29:55+00:00\",\"mainEntityOfPage\":{\"@id\":\"https:\\\/\\\/www.eltern-forum.at\\\/ratgeber-news\\\/ab-in-die-berge-familienfreundlicher-aktivurlaub-mit-kindern\\\/\"},\"wordCount\":789,\"commentCount\":0,\"publisher\":{\"@id\":\"https:\\\/\\\/www.eltern-forum.at\\\/ratgeber-news\\\/#organization\"},\"image\":{\"@id\":\"https:\\\/\\\/www.eltern-forum.at\\\/ratgeber-news\\\/ab-in-die-berge-familienfreundlicher-aktivurlaub-mit-kindern\\\/#primaryimage\"},\"thumbnailUrl\":\"https:\\\/\\\/www.eltern-forum.at\\\/ratgeber-news\\\/wp-content\\\/uploads\\\/2023\\\/03\\\/familienwanderung.jpg\",\"articleSection\":[\"Freizeit\"],\"inLanguage\":\"de\",\"potentialAction\":[{\"@type\":\"CommentAction\",\"name\":\"Comment\",\"target\":[\"https:\\\/\\\/www.eltern-forum.at\\\/ratgeber-news\\\/ab-in-die-berge-familienfreundlicher-aktivurlaub-mit-kindern\\\/#respond\"]}]},{\"@type\":\"WebPage\",\"@id\":\"https:\\\/\\\/www.eltern-forum.at\\\/ratgeber-news\\\/ab-in-die-berge-familienfreundlicher-aktivurlaub-mit-kindern\\\/\",\"url\":\"https:\\\/\\\/www.eltern-forum.at\\\/ratgeber-news\\\/ab-in-die-berge-familienfreundlicher-aktivurlaub-mit-kindern\\\/\",\"name\":\"Ab in die Berge - familienfreundlicher Aktivurlaub mit Kindern\",\"isPartOf\":{\"@id\":\"https:\\\/\\\/www.eltern-forum.at\\\/ratgeber-news\\\/#website\"},\"primaryImageOfPage\":{\"@id\":\"https:\\\/\\\/www.eltern-forum.at\\\/ratgeber-news\\\/ab-in-die-berge-familienfreundlicher-aktivurlaub-mit-kindern\\\/#primaryimage\"},\"image\":{\"@id\":\"https:\\\/\\\/www.eltern-forum.at\\\/ratgeber-news\\\/ab-in-die-berge-familienfreundlicher-aktivurlaub-mit-kindern\\\/#primaryimage\"},\"thumbnailUrl\":\"https:\\\/\\\/www.eltern-forum.at\\\/ratgeber-news\\\/wp-content\\\/uploads\\\/2023\\\/03\\\/familienwanderung.jpg\",\"datePublished\":\"2023-03-03T11:29:54+00:00\",\"dateModified\":\"2023-03-03T11:29:55+00:00\",\"inLanguage\":\"de\",\"potentialAction\":[{\"@type\":\"ReadAction\",\"target\":[\"https:\\\/\\\/www.eltern-forum.at\\\/ratgeber-news\\\/ab-in-die-berge-familienfreundlicher-aktivurlaub-mit-kindern\\\/\"]}]},{\"@type\":\"ImageObject\",\"inLanguage\":\"de\",\"@id\":\"https:\\\/\\\/www.eltern-forum.at\\\/ratgeber-news\\\/ab-in-die-berge-familienfreundlicher-aktivurlaub-mit-kindern\\\/#primaryimage\",\"url\":\"https:\\\/\\\/www.eltern-forum.at\\\/ratgeber-news\\\/wp-content\\\/uploads\\\/2023\\\/03\\\/familienwanderung.jpg\",\"contentUrl\":\"https:\\\/\\\/www.eltern-forum.at\\\/ratgeber-news\\\/wp-content\\\/uploads\\\/2023\\\/03\\\/familienwanderung.jpg\",\"width\":1200,\"height\":675},{\"@type\":\"WebSite\",\"@id\":\"https:\\\/\\\/www.eltern-forum.at\\\/ratgeber-news\\\/#website\",\"url\":\"https:\\\/\\\/www.eltern-forum.at\\\/ratgeber-news\\\/\",\"name\":\"Eltern Ratgeber News\",\"description\":\"ein Projekt von eltern-forum.at\",\"publisher\":{\"@id\":\"https:\\\/\\\/www.eltern-forum.at\\\/ratgeber-news\\\/#organization\"},\"potentialAction\":[{\"@type\":\"SearchAction\",\"target\":{\"@type\":\"EntryPoint\",\"urlTemplate\":\"https:\\\/\\\/www.eltern-forum.at\\\/ratgeber-news\\\/?s={search_term_string}\"},\"query-input\":{\"@type\":\"PropertyValueSpecification\",\"valueRequired\":true,\"valueName\":\"search_term_string\"}}],\"inLanguage\":\"de\"},{\"@type\":\"Organization\",\"@id\":\"https:\\\/\\\/www.eltern-forum.at\\\/ratgeber-news\\\/#organization\",\"name\":\"Eltern Ratgeber News\",\"url\":\"https:\\\/\\\/www.eltern-forum.at\\\/ratgeber-news\\\/\",\"logo\":{\"@type\":\"ImageObject\",\"inLanguage\":\"de\",\"@id\":\"https:\\\/\\\/www.eltern-forum.at\\\/ratgeber-news\\\/#\\\/schema\\\/logo\\\/image\\\/\",\"url\":\"https:\\\/\\\/www.eltern-forum.at\\\/ratgeber-news\\\/wp-content\\\/uploads\\\/2022\\\/12\\\/eltern-forum-logo.svg\",\"contentUrl\":\"https:\\\/\\\/www.eltern-forum.at\\\/ratgeber-news\\\/wp-content\\\/uploads\\\/2022\\\/12\\\/eltern-forum-logo.svg\",\"width\":350,\"height\":80,\"caption\":\"Eltern Ratgeber News\"},\"image\":{\"@id\":\"https:\\\/\\\/www.eltern-forum.at\\\/ratgeber-news\\\/#\\\/schema\\\/logo\\\/image\\\/\"}},{\"@type\":\"Person\",\"@id\":\"https:\\\/\\\/www.eltern-forum.at\\\/ratgeber-news\\\/#\\\/schema\\\/person\\\/0aa87ae35513ed5ac527b597339d87aa\",\"name\":\"Lea Himmel\",\"description\":\"Seit meiner ersten Schwangerschaft besch\u00e4ftige ich mich mit vielen Fragen rund ums Eltern-werden. Ich habe das eltern-forum.at im Jahr 2005 zum Informationsaustausch gegr\u00fcndet. Ich als zweifache Mami und meine Freundinnen und Freunde berichten hier \u00fcber Erfahrungen.\",\"url\":\"https:\\\/\\\/www.eltern-forum.at\\\/ratgeber-news\\\/author\\\/mediennetzwerk\\\/\"}]}<\/script>\n<!-- \/ Yoast SEO plugin. -->","yoast_head_json":{"title":"Ab in die Berge - familienfreundlicher Aktivurlaub mit Kindern","robots":{"index":"index","follow":"follow","max-snippet":"max-snippet:-1","max-image-preview":"max-image-preview:large","max-video-preview":"max-video-preview:-1"},"canonical":"https:\/\/www.eltern-forum.at\/ratgeber-news\/ab-in-die-berge-familienfreundlicher-aktivurlaub-mit-kindern\/","og_locale":"de_DE","og_type":"article","og_title":"Ab in die Berge - familienfreundlicher Aktivurlaub mit Kindern","og_description":"Mit der ganzen Familie die Bergwelt bezwingen, nach Herzenslust kraxeln, wandern, schwimmen und toben &#8211; das ist ein Urlaub mit Kindern, wie man ihn...","og_url":"https:\/\/www.eltern-forum.at\/ratgeber-news\/ab-in-die-berge-familienfreundlicher-aktivurlaub-mit-kindern\/","og_site_name":"Eltern Ratgeber News","article_published_time":"2023-03-03T11:29:54+00:00","article_modified_time":"2023-03-03T11:29:55+00:00","og_image":[{"width":1200,"height":675,"url":"https:\/\/www.eltern-forum.at\/ratgeber-news\/wp-content\/uploads\/2023\/03\/familienwanderung.jpg","type":"image\/jpeg"}],"author":"Lea Himmel","twitter_misc":{"Verfasst von":"Lea Himmel","Gesch\u00e4tzte Lesezeit":"5\u00a0Minuten"},"schema":{"@context":"https:\/\/schema.org","@graph":[{"@type":"Article","@id":"https:\/\/www.eltern-forum.at\/ratgeber-news\/ab-in-die-berge-familienfreundlicher-aktivurlaub-mit-kindern\/#article","isPartOf":{"@id":"https:\/\/www.eltern-forum.at\/ratgeber-news\/ab-in-die-berge-familienfreundlicher-aktivurlaub-mit-kindern\/"},"author":{"name":"Lea Himmel","@id":"https:\/\/www.eltern-forum.at\/ratgeber-news\/#\/schema\/person\/0aa87ae35513ed5ac527b597339d87aa"},"headline":"Ab in die Berge &#8211; familienfreundlicher Aktivurlaub mit Kindern","datePublished":"2023-03-03T11:29:54+00:00","dateModified":"2023-03-03T11:29:55+00:00","mainEntityOfPage":{"@id":"https:\/\/www.eltern-forum.at\/ratgeber-news\/ab-in-die-berge-familienfreundlicher-aktivurlaub-mit-kindern\/"},"wordCount":789,"commentCount":0,"publisher":{"@id":"https:\/\/www.eltern-forum.at\/ratgeber-news\/#organization"},"image":{"@id":"https:\/\/www.eltern-forum.at\/ratgeber-news\/ab-in-die-berge-familienfreundlicher-aktivurlaub-mit-kindern\/#primaryimage"},"thumbnailUrl":"https:\/\/www.eltern-forum.at\/ratgeber-news\/wp-content\/uploads\/2023\/03\/familienwanderung.jpg","articleSection":["Freizeit"],"inLanguage":"de","potentialAction":[{"@type":"CommentAction","name":"Comment","target":["https:\/\/www.eltern-forum.at\/ratgeber-news\/ab-in-die-berge-familienfreundlicher-aktivurlaub-mit-kindern\/#respond"]}]},{"@type":"WebPage","@id":"https:\/\/www.eltern-forum.at\/ratgeber-news\/ab-in-die-berge-familienfreundlicher-aktivurlaub-mit-kindern\/","url":"https:\/\/www.eltern-forum.at\/ratgeber-news\/ab-in-die-berge-familienfreundlicher-aktivurlaub-mit-kindern\/","name":"Ab in die Berge - familienfreundlicher Aktivurlaub mit Kindern","isPartOf":{"@id":"https:\/\/www.eltern-forum.at\/ratgeber-news\/#website"},"primaryImageOfPage":{"@id":"https:\/\/www.eltern-forum.at\/ratgeber-news\/ab-in-die-berge-familienfreundlicher-aktivurlaub-mit-kindern\/#primaryimage"},"image":{"@id":"https:\/\/www.eltern-forum.at\/ratgeber-news\/ab-in-die-berge-familienfreundlicher-aktivurlaub-mit-kindern\/#primaryimage"},"thumbnailUrl":"https:\/\/www.eltern-forum.at\/ratgeber-news\/wp-content\/uploads\/2023\/03\/familienwanderung.jpg","datePublished":"2023-03-03T11:29:54+00:00","dateModified":"2023-03-03T11:29:55+00:00","inLanguage":"de","potentialAction":[{"@type":"ReadAction","target":["https:\/\/www.eltern-forum.at\/ratgeber-news\/ab-in-die-berge-familienfreundlicher-aktivurlaub-mit-kindern\/"]}]},{"@type":"ImageObject","inLanguage":"de","@id":"https:\/\/www.eltern-forum.at\/ratgeber-news\/ab-in-die-berge-familienfreundlicher-aktivurlaub-mit-kindern\/#primaryimage","url":"https:\/\/www.eltern-forum.at\/ratgeber-news\/wp-content\/uploads\/2023\/03\/familienwanderung.jpg","contentUrl":"https:\/\/www.eltern-forum.at\/ratgeber-news\/wp-content\/uploads\/2023\/03\/familienwanderung.jpg","width":1200,"height":675},{"@type":"WebSite","@id":"https:\/\/www.eltern-forum.at\/ratgeber-news\/#website","url":"https:\/\/www.eltern-forum.at\/ratgeber-news\/","name":"Eltern Ratgeber News","description":"ein Projekt von eltern-forum.at","publisher":{"@id":"https:\/\/www.eltern-forum.at\/ratgeber-news\/#organization"},"potentialAction":[{"@type":"SearchAction","target":{"@type":"EntryPoint","urlTemplate":"https:\/\/www.eltern-forum.at\/ratgeber-news\/?s={search_term_string}"},"query-input":{"@type":"PropertyValueSpecification","valueRequired":true,"valueName":"search_term_string"}}],"inLanguage":"de"},{"@type":"Organization","@id":"https:\/\/www.eltern-forum.at\/ratgeber-news\/#organization","name":"Eltern Ratgeber News","url":"https:\/\/www.eltern-forum.at\/ratgeber-news\/","logo":{"@type":"ImageObject","inLanguage":"de","@id":"https:\/\/www.eltern-forum.at\/ratgeber-news\/#\/schema\/logo\/image\/","url":"https:\/\/www.eltern-forum.at\/ratgeber-news\/wp-content\/uploads\/2022\/12\/eltern-forum-logo.svg","contentUrl":"https:\/\/www.eltern-forum.at\/ratgeber-news\/wp-content\/uploads\/2022\/12\/eltern-forum-logo.svg","width":350,"height":80,"caption":"Eltern Ratgeber News"},"image":{"@id":"https:\/\/www.eltern-forum.at\/ratgeber-news\/#\/schema\/logo\/image\/"}},{"@type":"Person","@id":"https:\/\/www.eltern-forum.at\/ratgeber-news\/#\/schema\/person\/0aa87ae35513ed5ac527b597339d87aa","name":"Lea Himmel","description":"Seit meiner ersten Schwangerschaft besch\u00e4ftige ich mich mit vielen Fragen rund ums Eltern-werden. Ich habe das eltern-forum.at im Jahr 2005 zum Informationsaustausch gegr\u00fcndet. Ich als zweifache Mami und meine Freundinnen und Freunde berichten hier \u00fcber Erfahrungen.","url":"https:\/\/www.eltern-forum.at\/ratgeber-news\/author\/mediennetzwerk\/"}]}},"taxonomy_info":{"category":[{"value":22,"label":"Freizeit"}]},"featured_image_src_large":["https:\/\/www.eltern-forum.at\/ratgeber-news\/wp-content\/uploads\/2023\/03\/familienwanderung-1024x576.jpg",1024,576,true],"author_info":{"display_name":"Lea Himmel","author_link":"https:\/\/www.eltern-forum.at\/ratgeber-news\/author\/mediennetzwerk\/"},"comment_info":0,"category_info":[{"term_id":22,"name":"Freizeit","slug":"freizeit","term_group":0,"term_taxonomy_id":22,"taxonomy":"category","description":"Eltern wissen, wie schwer es sein kann, <strong>Familienurlaub<\/strong> zu finden. Es gibt so viele Dinge zu bedenken und die Bed\u00fcrfnisse aller m\u00fcssen erf\u00fcllt werden. In diesem Artikel findest du einen Ratgeber f\u00fcr Freizeit als Familie mit allen Tipps und Tricks, die du f\u00fcr einen gelungenen Urlaub brauchst.\r\n<h2>Tipps und Ideen zur Freizeit als Familien<\/h2>\r\nIn unserer heutigen Zeit ist es nicht immer leicht, eine gute Balance zwischen Beruf und Familie zu finden. Wir m\u00f6chten Ihnen hiermit einen Ratgeber vorstellen, der Ihnen hilft, die richtige Entscheidung f\u00fcr Sie und Ihre Familie zu treffen.","parent":0,"count":44,"filter":"raw","cat_ID":22,"category_count":44,"category_description":"Eltern wissen, wie schwer es sein kann, <strong>Familienurlaub<\/strong> zu finden. Es gibt so viele Dinge zu bedenken und die Bed\u00fcrfnisse aller m\u00fcssen erf\u00fcllt werden. In diesem Artikel findest du einen Ratgeber f\u00fcr Freizeit als Familie mit allen Tipps und Tricks, die du f\u00fcr einen gelungenen Urlaub brauchst.\r\n<h2>Tipps und Ideen zur Freizeit als Familien<\/h2>\r\nIn unserer heutigen Zeit ist es nicht immer leicht, eine gute Balance zwischen Beruf und Familie zu finden. Wir m\u00f6chten Ihnen hiermit einen Ratgeber vorstellen, der Ihnen hilft, die richtige Entscheidung f\u00fcr Sie und Ihre Familie zu treffen.","cat_name":"Freizeit","category_nicename":"freizeit","category_parent":0}],"tag_info":false,"_links":{"self":[{"href":"https:\/\/www.eltern-forum.at\/ratgeber-news\/wp-json\/wp\/v2\/posts\/5120","targetHints":{"allow":["GET"]}}],"collection":[{"href":"https:\/\/www.eltern-forum.at\/ratgeber-news\/wp-json\/wp\/v2\/posts"}],"about":[{"href":"https:\/\/www.eltern-forum.at\/ratgeber-news\/wp-json\/wp\/v2\/types\/post"}],"author":[{"embeddable":true,"href":"https:\/\/www.eltern-forum.at\/ratgeber-news\/wp-json\/wp\/v2\/users\/3"}],"replies":[{"embeddable":true,"href":"https:\/\/www.eltern-forum.at\/ratgeber-news\/wp-json\/wp\/v2\/comments?post=5120"}],"version-history":[{"count":3,"href":"https:\/\/www.eltern-forum.at\/ratgeber-news\/wp-json\/wp\/v2\/posts\/5120\/revisions"}],"predecessor-version":[{"id":5126,"href":"https:\/\/www.eltern-forum.at\/ratgeber-news\/wp-json\/wp\/v2\/posts\/5120\/revisions\/5126"}],"wp:featuredmedia":[{"embeddable":true,"href":"https:\/\/www.eltern-forum.at\/ratgeber-news\/wp-json\/wp\/v2\/media\/5124"}],"wp:attachment":[{"href":"https:\/\/www.eltern-forum.at\/ratgeber-news\/wp-json\/wp\/v2\/media?parent=5120"}],"wp:term":[{"taxonomy":"category","embeddable":true,"href":"https:\/\/www.eltern-forum.at\/ratgeber-news\/wp-json\/wp\/v2\/categories?post=5120"},{"taxonomy":"post_tag","embeddable":true,"href":"https:\/\/www.eltern-forum.at\/ratgeber-news\/wp-json\/wp\/v2\/tags?post=5120"}],"curies":[{"name":"wp","href":"https:\/\/api.w.org\/{rel}","templated":true}]}}